{"id":703,"date":"2026-08-28T15:31:18","date_gmt":"2026-08-28T18:31:18","guid":{"rendered":"https:\/\/www.novarpps.com.br\/site\/?p=703"},"modified":"2026-08-28T15:41:45","modified_gmt":"2026-08-28T18:41:45","slug":"105-participantes-marcam-a-1a-reuniao-mensal-sobre-comprev-promovida-pela-nova-rpps","status":"publish","type":"post","link":"https:\/\/www.novarpps.com.br\/site\/105-participantes-marcam-a-1a-reuniao-mensal-sobre-comprev-promovida-pela-nova-rpps\/","title":{"rendered":"105 participantes marcam a 1\u00aa Reuni\u00e3o Mensal sobre ComPrev promovida pela NOVA RPPS"},"content":{"rendered":"\n<p>A <strong>NOVA RPPS<\/strong> agradece aos 105 participantes que acompanharam, nesta sexta-feira, 28 de agosto de 2026, a nossa 1\u00aa Reuni\u00e3o Mensal de apoio aos RPPS, realizada de forma on-line e dedicada exclusivamente \u00e0 troca de experi\u00eancias e \u00e0 discuss\u00e3o das dificuldades pr\u00e1ticas relacionadas \u00e0 Compensa\u00e7\u00e3o Previdenci\u00e1ria \u2013 ComPrev.<\/p>\n\n\n\n<p>O n\u00famero de participantes superou nossas expectativas e demonstrou, mais uma vez, o grande interesse dos profissionais dos Regimes Pr\u00f3prios de Previd\u00eancia Social em buscar conhecimento, compartilhar experi\u00eancias e encontrar solu\u00e7\u00f5es para as situa\u00e7\u00f5es enfrentadas diariamente na operacionaliza\u00e7\u00e3o da ComPrev.<\/p>\n\n\n\n<p>Durante a transmiss\u00e3o, o encontro chegou a reunir 105 profissionais conectados simultaneamente, refor\u00e7ando a import\u00e2ncia da cria\u00e7\u00e3o de espa\u00e7os voltados ao di\u00e1logo, \u00e0 troca de conhecimento e \u00e0 busca conjunta por solu\u00e7\u00f5es para os desafios enfrentados pelos RPPS.<\/p>\n\n\n\n<figure class=\"wp-block-image size-large\"><img loading=\"lazy\" width=\"1024\" height=\"520\" src=\"https:\/\/www.novarpps.com.br\/site\/wp-content\/uploads\/2026\/08\/primeira_reuniao_mensal_novarpps-1024x520.png\" alt=\"\" class=\"wp-image-704\" srcset=\"https:\/\/www.novarpps.com.br\/site\/wp-content\/uploads\/2026\/08\/primeira_reuniao_mensal_novarpps-1024x520.png 1024w, https:\/\/www.novarpps.com.br\/site\/wp-content\/uploads\/2026\/08\/primeira_reuniao_mensal_novarpps-300x152.png 300w, https:\/\/www.novarpps.com.br\/site\/wp-content\/uploads\/2026\/08\/primeira_reuniao_mensal_novarpps-768x390.png 768w, https:\/\/www.novarpps.com.br\/site\/wp-content\/uploads\/2026\/08\/primeira_reuniao_mensal_novarpps-1536x780.png 1536w, https:\/\/www.novarpps.com.br\/site\/wp-content\/uploads\/2026\/08\/primeira_reuniao_mensal_novarpps.png 1760w\" sizes=\"(max-width: 1024px) 100vw, 1024px\" \/><figcaption>Registro da 1\u00aa Reuni\u00e3o Mensal sobre ComPrev, realizada em 28 de agosto de 2026, reunindo profissionais de RPPS de diversas localidades do pa\u00eds.<\/figcaption><\/figure>\n\n\n\n<p>O encontro tamb\u00e9m contou com a participa\u00e7\u00e3o de profissionais com vasta experi\u00eancia em Compensa\u00e7\u00e3o Previdenci\u00e1ria, o que tornou as discuss\u00f5es ainda mais produtivas e possibilitou uma importante troca de conhecimento entre os participantes.<\/p>\n\n\n\n<p>A NOVA RPPS refor\u00e7ou, desde o in\u00edcio, que a iniciativa \u00e9 totalmente independente e n\u00e3o possui qualquer rela\u00e7\u00e3o, v\u00ednculo ou representa\u00e7\u00e3o institucional com o Comit\u00ea da ComPrev. Nosso prop\u00f3sito \u00e9 exclusivamente criar um espa\u00e7o para reunir profissionais e representantes dos RPPS, permitindo que as experi\u00eancias individuais possam contribuir para a solu\u00e7\u00e3o das dificuldades enfrentadas coletivamente. Mais do que apresentar respostas prontas, a proposta \u00e9 aproximar quem trabalha diariamente com a ComPrev.<\/p>\n\n\n\n<p>Muitas das dificuldades encontradas por um RPPS tamb\u00e9m est\u00e3o sendo enfrentadas por diversos outros regimes. Quando essas experi\u00eancias s\u00e3o compartilhadas, todos podem aprender. A expressiva participa\u00e7\u00e3o nesta primeira reuni\u00e3o demonstra que estamos construindo um espa\u00e7o que pode contribuir efetivamente para o fortalecimento da Compensa\u00e7\u00e3o Previdenci\u00e1ria nos RPPS.<\/p>\n\n\n\n<p>A todos os 105 participantes, nosso agradecimento pela presen\u00e7a, pelas perguntas, pelas contribui\u00e7\u00f5es e, principalmente, pela disposi\u00e7\u00e3o em compartilhar conhecimento.<\/p>\n\n\n\n<p>Para que todo o conte\u00fado apresentado durante o encontro permane\u00e7a dispon\u00edvel para consulta, ao final desta mat\u00e9ria disponibilizamos o arquivo completo, em PDF, contendo os slides utilizados na 1\u00aa Reuni\u00e3o Mensal. Tamb\u00e9m reunimos, ao final da publica\u00e7\u00e3o, os links correspondentes a todos os QR Codes apresentados nos slides. Dessa forma, os participantes e demais interessados poder\u00e3o acessar diretamente os canais oficiais, legisla\u00e7\u00f5es, documentos e conte\u00fados mencionados durante a reuni\u00e3o.<\/p>\n\n\n\n<p>Confira abaixo os principais assuntos abordados durante a reuni\u00e3o.<\/p>\n\n\n\n<h2>Resumo dos assuntos discutidos<\/h2>\n\n\n\n<ol><li><strong>Abertura e objetivo da reuni\u00e3o<\/strong><\/li><\/ol>\n\n\n\n<p>Foi refor\u00e7ado que o encontro mensal tem como objetivo criar um espa\u00e7o de apoio aos RPPS para troca de experi\u00eancias, esclarecimento de d\u00favidas e discuss\u00e3o das dificuldades pr\u00e1ticas relacionadas \u00e0 Compensa\u00e7\u00e3o Previdenci\u00e1ria.<\/p>\n\n\n\n<p>Tamb\u00e9m foi esclarecido que esta iniciativa \u00e9 totalmente independente e n\u00e3o possui qualquer rela\u00e7\u00e3o, v\u00ednculo ou representa\u00e7\u00e3o institucional com o Comit\u00ea da ComPrev.<\/p>\n\n\n\n<p>O prop\u00f3sito da NOVA RPPS \u00e9 exclusivamente reunir profissionais e representantes dos RPPS, promovendo um ambiente colaborativo para o compartilhamento de experi\u00eancias, conhecimentos e situa\u00e7\u00f5es vivenciadas no dia a dia, buscando contribuir para a supera\u00e7\u00e3o das diversas dificuldades encontradas na operacionaliza\u00e7\u00e3o da ComPrev.<\/p>\n\n\n\n<ol start=\"2\"><li><strong>Proposta dos encontros mensais<\/strong><\/li><\/ol>\n\n\n\n<p>Foi apresentada a proposta de continuidade dos encontros mensais, preferencialmente na \u00faltima sexta-feira de cada m\u00eas.<\/p>\n\n\n\n<p>As reuni\u00f5es da NOVA RPPS ser\u00e3o realizadas de forma totalmente independente, sem qualquer v\u00ednculo institucional com o Comit\u00ea da ComPrev, tendo como finalidade reunir d\u00favidas recorrentes, discutir situa\u00e7\u00f5es pr\u00e1ticas e promover a troca de experi\u00eancias entre os profissionais dos RPPS.<\/p>\n\n\n\n<p>Tamb\u00e9m faz parte da proposta apresentar, a cada encontro, um resumo dos principais assuntos discutidos e apresentados na reuni\u00e3o oficial do Comit\u00ea ComPrev realizada anteriormente, com o objetivo de facilitar o acompanhamento das informa\u00e7\u00f5es pelos RPPS.<\/p>\n\n\n\n<p>Esse relato ter\u00e1 car\u00e1ter exclusivamente informativo, sem qualquer pretens\u00e3o de representar, substituir ou falar em nome do Comit\u00ea da ComPrev. Os assuntos que dependam de posicionamento, orienta\u00e7\u00e3o ou manifesta\u00e7\u00e3o oficial dever\u00e3o continuar sendo acompanhados e encaminhados pelos respectivos canais oficiais.<\/p>\n\n\n\n<ol start=\"3\"><li><strong>Canais oficiais de atendimento e apoio<\/strong><\/li><\/ol>\n\n\n\n<p>Foi refor\u00e7ada a import\u00e2ncia de acompanhar os canais oficiais relacionados \u00e0 Compensa\u00e7\u00e3o Previdenci\u00e1ria, incluindo os ambientes disponibilizados pelo Minist\u00e9rio da Previd\u00eancia Social, o Gescon e os canais de atendimento destinados aos RPPS.<\/p>\n\n\n\n<p>Tamb\u00e9m foi discutida a necessidade de direcionar corretamente cada demanda, diferenciando problemas relacionados ao funcionamento do sistema de d\u00favidas referentes \u00e0 an\u00e1lise de processos e requerimentos.<\/p>\n\n\n\n<ol start=\"4\"><li><strong>GRU e pagamentos entre regimes<\/strong><\/li><\/ol>\n\n\n\n<p>Um dos temas tratados foi o correto preenchimento da Guia de Recolhimento da Uni\u00e3o \u2013 GRU, especialmente diante de situa\u00e7\u00f5es que podem ocasionar inconsist\u00eancias ou cobran\u00e7as indevidas.<\/p>\n\n\n\n<p>Foi destacada a necessidade de aten\u00e7\u00e3o ao CNPJ do contribuinte, \u00e0 compet\u00eancia e ao fundo referentes a cada pagamento. Tamb\u00e9m foram apresentados os procedimentos para emiss\u00e3o da GRU destinada ao RPPS da Uni\u00e3o por meio do PagTesouro.<\/p>\n\n\n\n<ol start=\"5\"><li><strong>Tempo de servi\u00e7o militar<\/strong><\/li><\/ol>\n\n\n\n<p>Foi debatida a situa\u00e7\u00e3o do tempo de servi\u00e7o militar no \u00e2mbito da Compensa\u00e7\u00e3o Previdenci\u00e1ria e as dificuldades existentes para sua operacionaliza\u00e7\u00e3o enquanto n\u00e3o houver regulamenta\u00e7\u00e3o espec\u00edfica para o tratamento desses per\u00edodos no ComPrev.<\/p>\n\n\n\n<p>Conforme relatado durante a apresenta\u00e7\u00e3o, a orienta\u00e7\u00e3o atualmente levada ao encontro foi de n\u00e3o encaminhar esses requerimentos enquanto n\u00e3o houver a respectiva regulamenta\u00e7\u00e3o, sem preju\u00edzo da averba\u00e7\u00e3o e utiliza\u00e7\u00e3o do per\u00edodo para fins de aposentadoria.<\/p>\n\n\n\n<ol start=\"6\"><li><strong>Prescri\u00e7\u00e3o e envio de requerimentos<\/strong><\/li><\/ol>\n\n\n\n<p>A prescri\u00e7\u00e3o foi um dos temas de maior import\u00e2ncia durante a reuni\u00e3o.<\/p>\n\n\n\n<p>Foi discutida a possibilidade de encaminhamento de requerimentos referentes a benef\u00edcios antigos e os reflexos da prescri\u00e7\u00e3o sobre os valores financeiros pass\u00edveis de recupera\u00e7\u00e3o.<\/p>\n\n\n\n<p>Como orienta\u00e7\u00e3o pr\u00e1tica de gest\u00e3o, destacou-se a import\u00e2ncia de identificar e priorizar os processos mais antigos, evitando poss\u00edveis perdas decorrentes do decurso dos prazos aplic\u00e1veis.<\/p>\n\n\n\n<ol start=\"7\"><li><strong>Estoque da Compensa\u00e7\u00e3o Previdenci\u00e1ria<\/strong><\/li><\/ol>\n\n\n\n<p>O estoque da Compensa\u00e7\u00e3o Previdenci\u00e1ria tamb\u00e9m foi debatido em raz\u00e3o de sua relev\u00e2ncia financeira para os RPPS.<\/p>\n\n\n\n<p>Foram apresentadas informa\u00e7\u00f5es sobre a regulamenta\u00e7\u00e3o existente e sobre a necessidade de desenvolvimento e habilita\u00e7\u00e3o das funcionalidades necess\u00e1rias no Sistema ComPrev para sua completa operacionaliza\u00e7\u00e3o.<\/p>\n\n\n\n<p>Tamb\u00e9m foi destacada a import\u00e2ncia de os RPPS acompanharem seus valores a receber e a pagar e se prepararem previamente para a futura operacionaliza\u00e7\u00e3o.<\/p>\n\n\n\n<ol start=\"8\"><li><strong>Conflito de per\u00edodo<\/strong><\/li><\/ol>\n\n\n\n<p>Foram discutidas situa\u00e7\u00f5es em que o sistema identifica conflito entre per\u00edodos contributivos, inclusive em casos nos quais os v\u00ednculos apresentados aparentemente n\u00e3o possuem concomit\u00e2ncia efetiva.<\/p>\n\n\n\n<p>A discuss\u00e3o demonstrou a necessidade de aten\u00e7\u00e3o especial \u00e0 an\u00e1lise dos per\u00edodos informados nos requerimentos e \u00e0s limita\u00e7\u00f5es encontradas na interpreta\u00e7\u00e3o dessas informa\u00e7\u00f5es pelo sistema.<\/p>\n\n\n\n<p>O tema constou expressamente dos slides da reuni\u00e3o juntamente com outras situa\u00e7\u00f5es que podem impedir ou dificultar o processamento dos requerimentos.<\/p>\n\n\n\n<ol start=\"9\"><li><strong>Simula\u00e7\u00f5es da compensa\u00e7\u00e3o<\/strong><\/li><\/ol>\n\n\n\n<p>Tamb\u00e9m foram abordadas dificuldades relacionadas \u00e0 realiza\u00e7\u00e3o das simula\u00e7\u00f5es de Compensa\u00e7\u00e3o Previdenci\u00e1ria.<\/p>\n\n\n\n<p>Foram discutidas situa\u00e7\u00f5es em que o sistema n\u00e3o gera valor ou apresenta alguma impossibilidade moment\u00e2nea de processamento, bem como a necessidade de o usu\u00e1rio identificar o motivo informado pelo pr\u00f3prio sistema.<\/p>\n\n\n\n<p>O assunto foi tratado em conjunto com os conflitos de per\u00edodo e demais limita\u00e7\u00f5es operacionais encontradas durante a utiliza\u00e7\u00e3o do ComPrev.<\/p>\n\n\n\n<ol start=\"10\"><li><strong>Cessa\u00e7\u00e3o por \u00f3bito<\/strong><\/li><\/ol>\n\n\n\n<p>Foi explicado o funcionamento da cessa\u00e7\u00e3o de benef\u00edcios em decorr\u00eancia de \u00f3bito.<\/p>\n\n\n\n<p>Tamb\u00e9m foram discutidas situa\u00e7\u00f5es em que inconsist\u00eancias cadastrais podem impedir a captura autom\u00e1tica da informa\u00e7\u00e3o, tornando necess\u00e1ria a atua\u00e7\u00e3o manual do RPPS para evitar pagamentos indevidos.<\/p>\n\n\n\n<p>Foi lembrado, ainda, que a informa\u00e7\u00e3o de cessa\u00e7\u00e3o pode ser registrada mesmo durante a an\u00e1lise do requerimento.<\/p>\n\n\n\n<ol start=\"11\"><li><strong>Diverg\u00eancia entre certid\u00e3o e sistema<\/strong><\/li><\/ol>\n\n\n\n<p>Foram apresentados casos de diverg\u00eancia entre informa\u00e7\u00f5es constantes das Certid\u00f5es de Tempo de Contribui\u00e7\u00e3o e os dados exibidos no sistema.<\/p>\n\n\n\n<p>Durante a reuni\u00e3o, foi esclarecido que o ComPrev consulta informa\u00e7\u00f5es do CNIS-RPPS, alimentado pelas transmiss\u00f5es realizadas pelo pr\u00f3prio ente, motivo pelo qual eventuais falhas ou diverg\u00eancias na base transmitida podem refletir nas informa\u00e7\u00f5es apresentadas para an\u00e1lise.<\/p>\n\n\n\n<p>A discuss\u00e3o destacou a import\u00e2ncia da qualidade das informa\u00e7\u00f5es encaminhadas pelos \u00f3rg\u00e3os respons\u00e1veis e dos reflexos que inconsist\u00eancias podem produzir no processamento da Compensa\u00e7\u00e3o Previdenci\u00e1ria.<\/p>\n\n\n\n<ol start=\"12\"><li><strong>Exig\u00eancias documentais do INSS<\/strong><\/li><\/ol>\n\n\n\n<p>Este foi um dos assuntos que mais gerou participa\u00e7\u00e3o durante o encontro.<\/p>\n\n\n\n<p>Diversos profissionais relataram dificuldades relacionadas \u00e0s exig\u00eancias documentais realizadas durante a an\u00e1lise dos requerimentos, incluindo solicita\u00e7\u00f5es de fichas financeiras, documentos contempor\u00e2neos e outras comprova\u00e7\u00f5es.<\/p>\n\n\n\n<p>Tamb\u00e9m foram compartilhadas experi\u00eancias envolvendo diferen\u00e7as de interpreta\u00e7\u00e3o entre an\u00e1lises realizadas em situa\u00e7\u00f5es semelhantes.<\/p>\n\n\n\n<ol start=\"13\"><li><strong>Fichas financeiras como prova<\/strong><\/li><\/ol>\n\n\n\n<p>Dentro das discuss\u00f5es sobre exig\u00eancias documentais, foi debatida especificamente a utiliza\u00e7\u00e3o das fichas financeiras como instrumento de comprova\u00e7\u00e3o.<\/p>\n\n\n\n<p>Os participantes relataram casos em que, mesmo com a apresenta\u00e7\u00e3o desses documentos e de certid\u00f5es espec\u00edficas, foram solicitados elementos adicionais para comprova\u00e7\u00e3o dos per\u00edodos.<\/p>\n\n\n\n<p>A dificuldade torna-se ainda maior nos v\u00ednculos antigos, em que determinados documentos podem n\u00e3o estar mais dispon\u00edveis.<\/p>\n\n\n\n<p>A apresenta\u00e7\u00e3o abordou especificamente o art. 19-B do Decreto n\u00ba 3.048\/1999 e os argumentos relacionados aos registros contempor\u00e2neos e aos documentos extra\u00eddos de registros existentes.<\/p>\n\n\n\n<ol start=\"14\"><li><strong>M\u00f3dulo de revis\u00e3o e recurso<\/strong><\/li><\/ol>\n\n\n\n<p>Foi discutida a expectativa em rela\u00e7\u00e3o ao m\u00f3dulo de revis\u00e3o e recurso do ComPrev.<\/p>\n\n\n\n<p>A funcionalidade \u00e9 aguardada pelos RPPS principalmente diante da necessidade de contesta\u00e7\u00e3o de determinadas decis\u00f5es, indeferimentos ou interpreta\u00e7\u00f5es adotadas durante a an\u00e1lise dos requerimentos.<\/p>\n\n\n\n<p>Conforme relatado na reuni\u00e3o, essas funcionalidades encontram-se em desenvolvimento no sistema.<\/p>\n\n\n\n<ol start=\"15\"><li><strong>Acesso ao SIRC<\/strong><\/li><\/ol>\n\n\n\n<p>Tamb\u00e9m foram prestados esclarecimentos e compartilhadas experi\u00eancias relacionadas ao acesso e \u00e0 utiliza\u00e7\u00e3o das informa\u00e7\u00f5es do SIRC.<\/p>\n\n\n\n<p>O tema foi abordado especialmente em raz\u00e3o da import\u00e2ncia dos registros de \u00f3bitos e da necessidade de qualidade das informa\u00e7\u00f5es utilizadas pelos RPPS em suas atividades previdenci\u00e1rias.<\/p>\n\n\n\n<ol start=\"16\"><li><strong>Processos sem registro no Tribunal de Contas<\/strong><\/li><\/ol>\n\n\n\n<p>Foi apresentada d\u00favida envolvendo benef\u00edcios que n\u00e3o possuem o devido registro ou homologa\u00e7\u00e3o pelo Tribunal de Contas competente.<\/p>\n\n\n\n<p>A discuss\u00e3o destacou a necessidade de regulariza\u00e7\u00e3o dessas situa\u00e7\u00f5es, especialmente quando o registro constitui informa\u00e7\u00e3o necess\u00e1ria para o prosseguimento do requerimento de Compensa\u00e7\u00e3o Previdenci\u00e1ria.<\/p>\n\n\n\n<ol start=\"17\"><li><strong>Aposentadorias antigas e requerimentos atuais<\/strong><\/li><\/ol>\n\n\n\n<p>Outro ponto abordado foi a possibilidade de requerer a compensa\u00e7\u00e3o de benef\u00edcios concedidos h\u00e1 v\u00e1rios anos.<\/p>\n\n\n\n<p>Foi esclarecida a necessidade de diferenciar a possibilidade de encaminhamento do requerimento dos efeitos financeiros relacionados \u00e0 prescri\u00e7\u00e3o, al\u00e9m da import\u00e2ncia de que o processo esteja adequadamente instru\u00eddo.<\/p>\n\n\n\n<p>A orienta\u00e7\u00e3o pr\u00e1tica refor\u00e7ada ao longo do encontro foi a prioriza\u00e7\u00e3o dos processos antigos, diante do risco de perda de valores pela prescri\u00e7\u00e3o.<\/p>\n\n\n\n<ol start=\"18\"><li><strong>Integra\u00e7\u00e3o entre concess\u00e3o e compensa\u00e7\u00e3o<\/strong><\/li><\/ol>\n\n\n\n<p>Foi destacada a import\u00e2ncia da integra\u00e7\u00e3o entre a equipe respons\u00e1vel pela concess\u00e3o dos benef\u00edcios e os profissionais que posteriormente atuam na Compensa\u00e7\u00e3o Previdenci\u00e1ria.<\/p>\n\n\n\n<p>Foram relatadas situa\u00e7\u00f5es em que inconsist\u00eancias existentes na concess\u00e3o somente s\u00e3o identificadas anos depois, durante a prepara\u00e7\u00e3o ou an\u00e1lise do requerimento de ComPrev.<\/p>\n\n\n\n<p>A aproxima\u00e7\u00e3o entre essas \u00e1reas pode reduzir retrabalho, erros e dificuldades futuras. Esse ponto tamb\u00e9m integrou as recomenda\u00e7\u00f5es apresentadas durante a reuni\u00e3o.<\/p>\n\n\n\n<ol start=\"19\"><li><strong>Padroniza\u00e7\u00e3o das an\u00e1lises<\/strong><\/li><\/ol>\n\n\n\n<p>Ao longo da reuni\u00e3o, diferentes participantes manifestaram preocupa\u00e7\u00e3o com a uniformidade dos crit\u00e9rios utilizados nas an\u00e1lises.<\/p>\n\n\n\n<p>Foram relatadas situa\u00e7\u00f5es nas quais documentos aceitos em determinados processos s\u00e3o objeto de novas exig\u00eancias em outros casos aparentemente semelhantes.<\/p>\n\n\n\n<p>O tema foi apontado como uma das dificuldades que atualmente impactam a previsibilidade e a seguran\u00e7a operacional dos RPPS, especialmente nos casos envolvendo documentos antigos e comprova\u00e7\u00f5es de per\u00edodos contributivos.<\/p>\n\n\n\n<ol start=\"20\"><li><strong>Encerramento e pr\u00f3ximos passos<\/strong><\/li><\/ol>\n\n\n\n<p>No encerramento, foi refor\u00e7ado o convite para que os participantes continuem encaminhando d\u00favidas e situa\u00e7\u00f5es pr\u00e1ticas ao longo do m\u00eas, para que possam integrar a pauta dos pr\u00f3ximos encontros.<\/p>\n\n\n\n<p>Tamb\u00e9m foi destacada a import\u00e2ncia da participa\u00e7\u00e3o coletiva e da uni\u00e3o dos profissionais dos RPPS em torno de dificuldades que, muitas vezes, s\u00e3o comuns a diferentes regimes.<\/p>\n\n\n\n<p>A NOVA RPPS agradeceu especialmente aos 105 participantes que acompanharam esta primeira reuni\u00e3o e refor\u00e7ou o compromisso de continuar disponibilizando este espa\u00e7o de forma aberta, colaborativa e independente.<\/p>\n\n\n\n<p>Nosso objetivo permanece simples: reunir quem trabalha com ComPrev para que possamos compartilhar conhecimento, dificuldades e experi\u00eancias.<\/p>\n\n\n\n<p>A 1\u00aa Reuni\u00e3o Mensal foi apenas o come\u00e7o.<\/p>\n\n\n\n<h2>Material completo da 1\u00aa Reuni\u00e3o Mensal<\/h2>\n\n\n\n<p>Para facilitar o acesso e permitir que os assuntos discutidos possam ser consultados posteriormente, disponibilizamos o arquivo completo em PDF contendo os slides utilizados durante a reuni\u00e3o.<\/p>\n\n\n\n<p>O material re\u00fane a agenda do encontro, o relato dos assuntos apresentados, as d\u00favidas encaminhadas pelos RPPS, as respostas debatidas e as refer\u00eancias utilizadas durante a apresenta\u00e7\u00e3o.<\/p>\n\n\n\n<div class=\"wp-block-file\"><object class=\"wp-block-file__embed\" data=\"https:\/\/www.novarpps.com.br\/site\/wp-content\/uploads\/2026\/08\/1a-Reuniao-Mensal-NOVA-RPPS-28-08-2026.pdf\" type=\"application\/pdf\" style=\"width:100%;height:600px\" aria-label=\"Incorporado de 1a-Reuniao-Mensal-NOVA-RPPS-28-08-2026.\"><\/object><a id=\"wp-block-file--media-c0234e90-3a7e-4a0a-9e4b-cb50508554a6\" href=\"https:\/\/www.novarpps.com.br\/site\/wp-content\/uploads\/2026\/08\/1a-Reuniao-Mensal-NOVA-RPPS-28-08-2026.pdf\">1a-Reuniao-Mensal-NOVA-RPPS-28-08-2026<\/a><a href=\"https:\/\/www.novarpps.com.br\/site\/wp-content\/uploads\/2026\/08\/1a-Reuniao-Mensal-NOVA-RPPS-28-08-2026.pdf\" class=\"wp-block-file__button\" download aria-describedby=\"wp-block-file--media-c0234e90-3a7e-4a0a-9e4b-cb50508554a6\">Baixar<\/a><\/div>\n\n\n\n<h2>Links dos QR Codes apresentados nos slides<\/h2>\n\n\n\n<p>Al\u00e9m do PDF, disponibilizamos abaixo todos os links correspondentes aos QR Codes apresentados durante a reuni\u00e3o, permitindo o acesso pelo computador sem a necessidade de realizar a leitura do c\u00f3digo pelo celular.<\/p>\n\n\n\n<p><strong>Canais de Atendimento Oficiais<\/strong><\/p>\n\n\n\n<p>Agendar atendimento \u2013 Minist\u00e9rio da Previd\u00eancia Social<br><a href=\"https:\/\/wa.me\/556120215555\">https:\/\/wa.me\/556120215555<\/a><\/p>\n\n\n\n<p>Site da Compensa\u00e7\u00e3o Previdenci\u00e1ria<br><a href=\"https:\/\/www.gov.br\/previdencia\/pt-br\/assuntos\/rpps\/compensacao-previdenciaria\/arquivos\/compensacao-previdenciaria\">https:\/\/www.gov.br\/previdencia\/pt-br\/assuntos\/rpps\/compensacao-previdenciaria\/arquivos\/compensacao-previdenciaria<\/a><\/p>\n\n\n\n<p>Consultas Destacadas do Gescon<br><a href=\"https:\/\/www.gov.br\/previdencia\/pt-br\/assuntos\/rpps\/gescon\">https:\/\/www.gov.br\/previdencia\/pt-br\/assuntos\/rpps\/gescon<\/a><\/p>\n\n\n\n<p><strong>Formas de pagamento por GRU<\/strong><\/p>\n\n\n\n<p>Informativo de Pagamento \u2013 Minist\u00e9rio da Previd\u00eancia Social<br><a href=\"https:\/\/www.gov.br\/previdencia\/pt-br\/assuntos\/rpps\/compensacao-previdenciaria\/arquivos\/2025-1\/InformativoPagamento_rotated.pdf\">https:\/\/www.gov.br\/previdencia\/pt-br\/assuntos\/rpps\/compensacao-previdenciaria\/arquivos\/2025-1\/InformativoPagamento_rotated.pdf<\/a><\/p>\n\n\n\n<p>Emiss\u00e3o de GRU \u2013 Portal PagTesouro<br><a href=\"https:\/\/pagtesouro.tesouro.gov.br\/portal-gru\/#\/emissao-gru\">https:\/\/pagtesouro.tesouro.gov.br\/portal-gru\/#\/emissao-gru<\/a><\/p>\n\n\n\n<p><strong>C\u00f3digo para preenchimento da GRU<\/strong><\/p>\n\n\n\n<p>P\u00e1gina oficial dos c\u00f3digos para preenchimento da GRU ao RPPS da Uni\u00e3o<br><a href=\"https:\/\/www.gov.br\/previdencia\/pt-br\/assuntos\/rpps\/codigo-para-preenchimento-da-gru-ao-rpps-da-uniao\">https:\/\/www.gov.br\/previdencia\/pt-br\/assuntos\/rpps\/codigo-para-preenchimento-da-gru-ao-rpps-da-uniao<\/a><\/p>\n\n\n\n<p><strong>Reuni\u00e3o oficial do Comit\u00ea T\u00e9cnico da Compensa\u00e7\u00e3o Previdenci\u00e1ria<\/strong><\/p>\n\n\n\n<p>Acesso \u00e0 reuni\u00e3o pelo Microsoft Teams<br><a href=\"https:\/\/teams.microsoft.com\/l\/meetup-join\/19%3ameeting_ZmQ4YWYyNjgtNTMxNy00MWIzLWI1NGItYzRhOTIxNDZmNjU3%40thread.v2\/0?context=%7b%22Tid%22%3a%223ec92969-5a51-4f18-8ac9-ef98fbafa978%22%2c%22Oid%22%3a%227456ca8b-e46d-482f-bdc3-227e2db99d6c%22%7d\">https:\/\/teams.microsoft.com\/l\/meetup-join\/19%3ameeting_ZmQ4YWYyNjgtNTMxNy00MWIzLWI1NGItYzRhOTIxNDZmNjU3%40thread.v2\/0?context=%7b%22Tid%22%3a%223ec92969-5a51-4f18-8ac9-ef98fbafa978%22%2c%22Oid%22%3a%227456ca8b-e46d-482f-bdc3-227e2db99d6c%22%7d<\/a><\/p>\n\n\n\n<p>A pr\u00f3xima reuni\u00e3o oficial est\u00e1 prevista para 4 de setembro de 2026, das 9h30 \u00e0s 11h30, pelo Microsoft Teams, aberta aos RPPS.<\/p>\n\n\n\n<p><strong>Decreto n\u00ba 3.048\/1999<\/strong><\/p>\n\n\n\n<p>Texto oficial do Decreto n\u00ba 3.048\/1999 \u2013 Portal Planalto<br><a href=\"https:\/\/www.planalto.gov.br\/ccivil_03\/decreto\/d3048.htm\">https:\/\/www.planalto.gov.br\/ccivil_03\/decreto\/d3048.htm<\/a><\/p>\n\n\n\n<p><strong>Portaria MPS n\u00ba 1.400\/2024<\/strong><\/p>\n\n\n\n<p>Texto da Portaria MPS n\u00ba 1.400\/2024<br><a href=\"https:\/\/www.gov.br\/previdencia\/pt-br\/assuntos\/rpps\/legislacao-dos-rpps\/portarias\/portarias_todas\/portaria-mps-no-1-400-de-27-de-maio-de-2024.pdf\">https:\/\/www.gov.br\/previdencia\/pt-br\/assuntos\/rpps\/legislacao-dos-rpps\/portarias\/portarias_todas\/portaria-mps-no-1-400-de-27-de-maio-de-2024.pdf<\/a><\/p>\n\n\n\n<p><\/p>\n\n\n\n<p>Continuaremos reunindo d\u00favidas, experi\u00eancias e informa\u00e7\u00f5es que possam auxiliar os RPPS no trabalho di\u00e1rio com a Compensa\u00e7\u00e3o Previdenci\u00e1ria.<\/p>\n\n\n\n<p>Participe dos pr\u00f3ximos encontros e encaminhe antecipadamente suas d\u00favidas para que possamos inclu\u00ed-las nas pr\u00f3ximas reuni\u00f5es.<\/p>\n","protected":false},"excerpt":{"rendered":"<p>A NOVA RPPS agradece aos 105 participantes que acompanharam, nesta sexta-feira, 28 de agosto de 2026, a nossa 1\u00aa Reuni\u00e3o Mensal de apoio aos RPPS, realizada de forma on-line e dedicada exclusivamente \u00e0 troca de experi\u00eancias e \u00e0 discuss\u00e3o das dificuldades pr\u00e1ticas relacionadas \u00e0 Compensa\u00e7\u00e3o Previdenci\u00e1ria \u2013 ComPrev. O n\u00famero de participantes superou nossas expectativas&hellip; <br \/> <a class=\"read-more\" href=\"https:\/\/www.novarpps.com.br\/site\/105-participantes-marcam-a-1a-reuniao-mensal-sobre-comprev-promovida-pela-nova-rpps\/\">Leia mais<\/a><\/p>\n","protected":false},"author":1,"featured_media":706,"comment_status":"closed","ping_status":"open","sticky":false,"template":"","format":"standard","meta":[],"categories":[1],"tags":[],"yoast_head":"<!-- This site is optimized with the Yoast SEO plugin v15.6.2 - https:\/\/yoast.com\/wordpress\/plugins\/seo\/ -->\n<title>105 participantes marcam a 1\u00aa Reuni\u00e3o Mensal sobre ComPrev promovida pela NOVA RPPS - Nova - Assessoria e Consultoria em RPPS<\/title>\n<meta name=\"description\" content=\"Durante a transmiss\u00e3o, o encontro chegou a reunir 105 profissionais conectados simultaneamente, refor\u00e7ando a import\u00e2ncia da cria\u00e7\u00e3o de espa\u00e7os voltados ao di\u00e1logo, \u00e0 troca de conhecimento e \u00e0 busca conjunta por solu\u00e7\u00f5es para os desafios enfrentados pelos RPPS.\" \/>\n<meta name=\"robots\" content=\"index, follow, max-snippet:-1, max-image-preview:large, max-video-preview:-1\" \/>\n<link rel=\"canonical\" href=\"https:\/\/www.novarpps.com.br\/site\/105-participantes-marcam-a-1a-reuniao-mensal-sobre-comprev-promovida-pela-nova-rpps\/\" \/>\n<meta property=\"og:locale\" content=\"pt_BR\" \/>\n<meta property=\"og:type\" content=\"article\" \/>\n<meta property=\"og:title\" content=\"105 participantes marcam a 1\u00aa Reuni\u00e3o Mensal sobre ComPrev promovida pela NOVA RPPS\" \/>\n<meta property=\"og:description\" content=\"Durante a transmiss\u00e3o, o encontro chegou a reunir 105 profissionais conectados simultaneamente, refor\u00e7ando a import\u00e2ncia da cria\u00e7\u00e3o de espa\u00e7os voltados ao di\u00e1logo, \u00e0 troca de conhecimento e \u00e0 busca conjunta por solu\u00e7\u00f5es para os desafios enfrentados pelos RPPS.\" \/>\n<meta property=\"og:url\" content=\"https:\/\/www.novarpps.com.br\/site\/105-participantes-marcam-a-1a-reuniao-mensal-sobre-comprev-promovida-pela-nova-rpps\/\" \/>\n<meta property=\"og:site_name\" content=\"Nova - Assessoria e Consultoria em RPPS\" \/>\n<meta property=\"article:published_time\" content=\"2026-08-28T18:31:18+00:00\" \/>\n<meta property=\"article:modified_time\" content=\"2026-08-28T18:41:45+00:00\" \/>\n<meta property=\"og:image\" content=\"https:\/\/www.novarpps.com.br\/site\/wp-content\/uploads\/2026\/08\/pq_destaque_primeira_reuniao_mensal_novarpps.png\" \/>\n\t<meta property=\"og:image:width\" content=\"768\" \/>\n\t<meta property=\"og:image:height\" content=\"512\" \/>\n<meta name=\"twitter:card\" content=\"summary_large_image\" \/>\n<meta name=\"twitter:title\" content=\"105 participantes marcam a 1\u00aa Reuni\u00e3o Mensal sobre ComPrev promovida pela NOVA RPPS\" \/>\n<meta name=\"twitter:description\" content=\"Durante a transmiss\u00e3o, o encontro chegou a reunir 105 profissionais conectados simultaneamente, refor\u00e7ando a import\u00e2ncia da cria\u00e7\u00e3o de espa\u00e7os voltados ao di\u00e1logo, \u00e0 troca de conhecimento e \u00e0 busca conjunta por solu\u00e7\u00f5es para os desafios enfrentados pelos RPPS.\" \/>\n<meta name=\"twitter:image\" content=\"https:\/\/www.novarpps.com.br\/site\/wp-content\/uploads\/2026\/08\/pq_destaque_primeira_reuniao_mensal_novarpps.png\" \/>\n<meta name=\"twitter:label1\" content=\"Est. reading time\">\n\t<meta name=\"twitter:data1\" content=\"10 minutos\">\n<script type=\"application\/ld+json\" class=\"yoast-schema-graph\">{\"@context\":\"https:\/\/schema.org\",\"@graph\":[{\"@type\":\"Organization\",\"@id\":\"https:\/\/www.novarpps.com.br\/site\/#organization\",\"name\":\"Nova - Assessoria e Consultoria em RPPS\",\"url\":\"https:\/\/www.novarpps.com.br\/site\/\",\"sameAs\":[],\"logo\":{\"@type\":\"ImageObject\",\"@id\":\"https:\/\/www.novarpps.com.br\/site\/#logo\",\"inLanguage\":\"pt-BR\",\"url\":\"https:\/\/www.novarpps.com.br\/site\/wp-content\/uploads\/2021\/01\/logotipo-transp.png\",\"width\":342,\"height\":318,\"caption\":\"Nova - Assessoria e Consultoria em RPPS\"},\"image\":{\"@id\":\"https:\/\/www.novarpps.com.br\/site\/#logo\"}},{\"@type\":\"WebSite\",\"@id\":\"https:\/\/www.novarpps.com.br\/site\/#website\",\"url\":\"https:\/\/www.novarpps.com.br\/site\/\",\"name\":\"Nova - Assessoria e Consultoria em RPPS\",\"description\":\"Nova - Assessoria e Consultoria em RPPS\",\"publisher\":{\"@id\":\"https:\/\/www.novarpps.com.br\/site\/#organization\"},\"potentialAction\":[{\"@type\":\"SearchAction\",\"target\":\"https:\/\/www.novarpps.com.br\/site\/?s={search_term_string}\",\"query-input\":\"required name=search_term_string\"}],\"inLanguage\":\"pt-BR\"},{\"@type\":\"ImageObject\",\"@id\":\"https:\/\/www.novarpps.com.br\/site\/105-participantes-marcam-a-1a-reuniao-mensal-sobre-comprev-promovida-pela-nova-rpps\/#primaryimage\",\"inLanguage\":\"pt-BR\",\"url\":\"https:\/\/www.novarpps.com.br\/site\/wp-content\/uploads\/2026\/08\/destaque_primeira_reuniao_mensal_novarpps.png\",\"width\":1536,\"height\":1024},{\"@type\":\"WebPage\",\"@id\":\"https:\/\/www.novarpps.com.br\/site\/105-participantes-marcam-a-1a-reuniao-mensal-sobre-comprev-promovida-pela-nova-rpps\/#webpage\",\"url\":\"https:\/\/www.novarpps.com.br\/site\/105-participantes-marcam-a-1a-reuniao-mensal-sobre-comprev-promovida-pela-nova-rpps\/\",\"name\":\"105 participantes marcam a 1\\u00aa Reuni\\u00e3o Mensal sobre ComPrev promovida pela NOVA RPPS - Nova - Assessoria e Consultoria em RPPS\",\"isPartOf\":{\"@id\":\"https:\/\/www.novarpps.com.br\/site\/#website\"},\"primaryImageOfPage\":{\"@id\":\"https:\/\/www.novarpps.com.br\/site\/105-participantes-marcam-a-1a-reuniao-mensal-sobre-comprev-promovida-pela-nova-rpps\/#primaryimage\"},\"datePublished\":\"2026-08-28T18:31:18+00:00\",\"dateModified\":\"2026-08-28T18:41:45+00:00\",\"description\":\"Durante a transmiss\\u00e3o, o encontro chegou a reunir 105 profissionais conectados simultaneamente, refor\\u00e7ando a import\\u00e2ncia da cria\\u00e7\\u00e3o de espa\\u00e7os voltados ao di\\u00e1logo, \\u00e0 troca de conhecimento e \\u00e0 busca conjunta por solu\\u00e7\\u00f5es para os desafios enfrentados pelos RPPS.\",\"inLanguage\":\"pt-BR\",\"potentialAction\":[{\"@type\":\"ReadAction\",\"target\":[\"https:\/\/www.novarpps.com.br\/site\/105-participantes-marcam-a-1a-reuniao-mensal-sobre-comprev-promovida-pela-nova-rpps\/\"]}]},{\"@type\":\"Article\",\"@id\":\"https:\/\/www.novarpps.com.br\/site\/105-participantes-marcam-a-1a-reuniao-mensal-sobre-comprev-promovida-pela-nova-rpps\/#article\",\"isPartOf\":{\"@id\":\"https:\/\/www.novarpps.com.br\/site\/105-participantes-marcam-a-1a-reuniao-mensal-sobre-comprev-promovida-pela-nova-rpps\/#webpage\"},\"author\":{\"@id\":\"https:\/\/www.novarpps.com.br\/site\/#\/schema\/person\/0b3b352ef81980c03bf4e43ccf8c7245\"},\"headline\":\"105 participantes marcam a 1\\u00aa Reuni\\u00e3o Mensal sobre ComPrev promovida pela NOVA RPPS\",\"datePublished\":\"2026-08-28T18:31:18+00:00\",\"dateModified\":\"2026-08-28T18:41:45+00:00\",\"mainEntityOfPage\":{\"@id\":\"https:\/\/www.novarpps.com.br\/site\/105-participantes-marcam-a-1a-reuniao-mensal-sobre-comprev-promovida-pela-nova-rpps\/#webpage\"},\"publisher\":{\"@id\":\"https:\/\/www.novarpps.com.br\/site\/#organization\"},\"image\":{\"@id\":\"https:\/\/www.novarpps.com.br\/site\/105-participantes-marcam-a-1a-reuniao-mensal-sobre-comprev-promovida-pela-nova-rpps\/#primaryimage\"},\"inLanguage\":\"pt-BR\"},{\"@type\":\"Person\",\"@id\":\"https:\/\/www.novarpps.com.br\/site\/#\/schema\/person\/0b3b352ef81980c03bf4e43ccf8c7245\",\"name\":\"Equipe Nova RPPS\",\"image\":{\"@type\":\"ImageObject\",\"@id\":\"https:\/\/www.novarpps.com.br\/site\/#personlogo\",\"inLanguage\":\"pt-BR\",\"url\":\"https:\/\/secure.gravatar.com\/avatar\/6876f32c3e04956a1b11c58f40ce1f85?s=96&d=mm&r=g\",\"caption\":\"Equipe Nova RPPS\"},\"description\":\"Somos da Nova \\u2013 Assessoria e Consultoria em RPPS e se voc\\u00ea est\\u00e1 buscando informa\\u00e7\\u00f5es ou suporte para a ComPrev (Compensa\\u00e7\\u00e3o Previdenci\\u00e1ria) n\\u00f3s podemos te ajudar!\",\"sameAs\":[\"http:\/\/www.novarpps.com.br\"]}]}<\/script>\n<!-- \/ Yoast SEO plugin. -->","_links":{"self":[{"href":"https:\/\/www.novarpps.com.br\/site\/wp-json\/wp\/v2\/posts\/703"}],"collection":[{"href":"https:\/\/www.novarpps.com.br\/site\/wp-json\/wp\/v2\/posts"}],"about":[{"href":"https:\/\/www.novarpps.com.br\/site\/wp-json\/wp\/v2\/types\/post"}],"author":[{"embeddable":true,"href":"https:\/\/www.novarpps.com.br\/site\/wp-json\/wp\/v2\/users\/1"}],"replies":[{"embeddable":true,"href":"https:\/\/www.novarpps.com.br\/site\/wp-json\/wp\/v2\/comments?post=703"}],"version-history":[{"count":2,"href":"https:\/\/www.novarpps.com.br\/site\/wp-json\/wp\/v2\/posts\/703\/revisions"}],"predecessor-version":[{"id":719,"href":"https:\/\/www.novarpps.com.br\/site\/wp-json\/wp\/v2\/posts\/703\/revisions\/719"}],"wp:featuredmedia":[{"embeddable":true,"href":"https:\/\/www.novarpps.com.br\/site\/wp-json\/wp\/v2\/media\/706"}],"wp:attachment":[{"href":"https:\/\/www.novarpps.com.br\/site\/wp-json\/wp\/v2\/media?parent=703"}],"wp:term":[{"taxonomy":"category","embeddable":true,"href":"https:\/\/www.novarpps.com.br\/site\/wp-json\/wp\/v2\/categories?post=703"},{"taxonomy":"post_tag","embeddable":true,"href":"https:\/\/www.novarpps.com.br\/site\/wp-json\/wp\/v2\/tags?post=703"}],"curies":[{"name":"wp","href":"https:\/\/api.w.org\/{rel}","templated":true}]}}