{"id":698,"date":"2026-08-14T16:50:47","date_gmt":"2026-08-14T19:50:47","guid":{"rendered":"https:\/\/www.novarpps.com.br\/site\/?p=698"},"modified":"2026-08-14T16:50:49","modified_gmt":"2026-08-14T19:50:49","slug":"vinculo-legal-define-a-responsabilidade-pela-comprev","status":"publish","type":"post","link":"https:\/\/www.novarpps.com.br\/site\/vinculo-legal-define-a-responsabilidade-pela-comprev\/","title":{"rendered":"V\u00ednculo legal define a responsabilidade pela ComPrev"},"content":{"rendered":"\n<p>O Minist\u00e9rio da Previd\u00eancia Social esclareceu um ponto importante para os RPPS: a responsabilidade pela Compensa\u00e7\u00e3o Previdenci\u00e1ria \u00e9 definida pelo v\u00ednculo previdenci\u00e1rio estabelecido em lei, e n\u00e3o simplesmente pelo local para onde as contribui\u00e7\u00f5es foram repassadas.<\/p>\n\n\n\n<h2>Quem deve emitir a CTC?<\/h2>\n\n\n\n<p>A Certid\u00e3o de Tempo de Contribui\u00e7\u00e3o deve ser emitida pelo regime ao qual o servidor esteve legalmente vinculado no per\u00edodo. Por isso, a identifica\u00e7\u00e3o do regime de origem deve considerar a legisla\u00e7\u00e3o vigente e a situa\u00e7\u00e3o funcional do servidor.<\/p>\n\n\n\n<h2>CTC tem f\u00e9 p\u00fablica e prazo para revis\u00e3o<\/h2>\n\n\n\n<p>Outro ponto relevante \u00e9 a seguran\u00e7a jur\u00eddica das CTCs j\u00e1 emitidas.<\/p>\n\n\n\n<p>A revis\u00e3o deve respeitar o prazo previsto na legisla\u00e7\u00e3o do ente emissor ou, na aus\u00eancia de regra espec\u00edfica, o prazo de dez anos previsto no art. 203 da Portaria MTP n\u00ba 1.467\/2022, ressalvados os casos de fraude ou m\u00e1-f\u00e9.<\/p>\n\n\n\n<p>Assim, o regime de origem n\u00e3o pode simplesmente questionar, anos depois, sua responsabilidade por um per\u00edodo regularmente certificado, sem observar as regras para revis\u00e3o da CTC.<\/p>\n\n\n\n<h2>E se a ComPrev for indeferida?<\/h2>\n\n\n\n<p>O indeferimento da Compensa\u00e7\u00e3o Previdenci\u00e1ria pode ser objeto de recurso ao Conselho de Recursos da Previd\u00eancia Social (CRPS), conforme previsto na Portaria MPS n\u00ba 1.400\/2024.<\/p>\n\n\n\n<p>A orienta\u00e7\u00e3o refor\u00e7a a import\u00e2ncia da an\u00e1lise t\u00e9cnica das CTCs e dos indeferimentos no Sistema Comprev, evitando que valores devidos aos RPPS deixem de ser reconhecidos por interpreta\u00e7\u00f5es inadequadas sobre o v\u00ednculo previdenci\u00e1rio.<\/p>\n\n\n\n<p>Fonte: Minist\u00e9rio da Previd\u00eancia Social \u2013 GESCON S630161\/2025, de 11\/11\/2025.<\/p>\n\n\n\n<div class=\"wp-block-file\"><object class=\"wp-block-file__embed\" data=\"https:\/\/www.novarpps.com.br\/site\/wp-content\/uploads\/2026\/08\/1-s630161-2025-estado-de-santa-catarina-sc.pdf\" type=\"application\/pdf\" style=\"width:100%;height:600px\" aria-label=\"Incorporado de 1-s630161-2025-estado-de-santa-catarina-sc.\"><\/object><a id=\"wp-block-file--media-7af91e2e-1127-4f25-952c-ef84b32e1960\" href=\"https:\/\/www.novarpps.com.br\/site\/wp-content\/uploads\/2026\/08\/1-s630161-2025-estado-de-santa-catarina-sc.pdf\">1-s630161-2025-estado-de-santa-catarina-sc<\/a><a href=\"https:\/\/www.novarpps.com.br\/site\/wp-content\/uploads\/2026\/08\/1-s630161-2025-estado-de-santa-catarina-sc.pdf\" class=\"wp-block-file__button\" download aria-describedby=\"wp-block-file--media-7af91e2e-1127-4f25-952c-ef84b32e1960\">Baixar<\/a><\/div>\n","protected":false},"excerpt":{"rendered":"<p>O Minist\u00e9rio da Previd\u00eancia Social esclareceu um ponto importante para os RPPS: a responsabilidade pela Compensa\u00e7\u00e3o Previdenci\u00e1ria \u00e9 definida pelo v\u00ednculo previdenci\u00e1rio estabelecido em lei, e n\u00e3o simplesmente pelo local para onde as contribui\u00e7\u00f5es foram repassadas. Quem deve emitir a CTC? A Certid\u00e3o de Tempo de Contribui\u00e7\u00e3o deve ser emitida pelo regime ao qual o&hellip; <br \/> <a class=\"read-more\" href=\"https:\/\/www.novarpps.com.br\/site\/vinculo-legal-define-a-responsabilidade-pela-comprev\/\">Leia mais<\/a><\/p>\n","protected":false},"author":1,"featured_media":700,"comment_status":"closed","ping_status":"open","sticky":false,"template":"","format":"standard","meta":[],"categories":[1],"tags":[],"yoast_head":"<!-- This site is optimized with the Yoast SEO plugin v15.6.2 - https:\/\/yoast.com\/wordpress\/plugins\/seo\/ -->\n<title>V\u00ednculo legal define a responsabilidade pela ComPrev - Nova - Assessoria e Consultoria em RPPS<\/title>\n<meta name=\"description\" content=\"O Minist\u00e9rio da Previd\u00eancia Social esclareceu um ponto importante para os RPPS: a responsabilidade pela Compensa\u00e7\u00e3o Previdenci\u00e1ria \u00e9 definida pelo v\u00ednculo previdenci\u00e1rio estabelecido em lei, e n\u00e3o simplesmente pelo local para onde as contribui\u00e7\u00f5es foram repassadas.\" \/>\n<meta name=\"robots\" content=\"index, follow, max-snippet:-1, max-image-preview:large, max-video-preview:-1\" \/>\n<link rel=\"canonical\" href=\"https:\/\/www.novarpps.com.br\/site\/vinculo-legal-define-a-responsabilidade-pela-comprev\/\" \/>\n<meta property=\"og:locale\" content=\"pt_BR\" \/>\n<meta property=\"og:type\" content=\"article\" \/>\n<meta property=\"og:title\" content=\"V\u00ednculo legal define a responsabilidade pela ComPrev\" \/>\n<meta property=\"og:description\" content=\"O Minist\u00e9rio da Previd\u00eancia Social esclareceu um ponto importante para os RPPS: a responsabilidade pela Compensa\u00e7\u00e3o Previdenci\u00e1ria \u00e9 definida pelo v\u00ednculo previdenci\u00e1rio estabelecido em lei, e n\u00e3o simplesmente pelo local para onde as contribui\u00e7\u00f5es foram repassadas.\" \/>\n<meta property=\"og:url\" content=\"https:\/\/www.novarpps.com.br\/site\/vinculo-legal-define-a-responsabilidade-pela-comprev\/\" \/>\n<meta property=\"og:site_name\" content=\"Nova - Assessoria e Consultoria em RPPS\" \/>\n<meta property=\"article:published_time\" content=\"2026-08-14T19:50:47+00:00\" \/>\n<meta property=\"article:modified_time\" content=\"2026-08-14T19:50:49+00:00\" \/>\n<meta property=\"og:image\" content=\"https:\/\/www.novarpps.com.br\/site\/wp-content\/uploads\/2026\/08\/WhatsApp-Image-2026-08-14-at-14.53.40.jpeg\" \/>\n\t<meta property=\"og:image:width\" content=\"1254\" \/>\n\t<meta property=\"og:image:height\" content=\"1254\" \/>\n<meta name=\"twitter:card\" content=\"summary_large_image\" \/>\n<meta name=\"twitter:title\" content=\"V\u00ednculo legal define a responsabilidade pela ComPrev\" \/>\n<meta name=\"twitter:description\" content=\"O Minist\u00e9rio da Previd\u00eancia Social esclareceu um ponto importante para os RPPS: a responsabilidade pela Compensa\u00e7\u00e3o Previdenci\u00e1ria \u00e9 definida pelo v\u00ednculo previdenci\u00e1rio estabelecido em lei, e n\u00e3o simplesmente pelo local para onde as contribui\u00e7\u00f5es foram repassadas.\" \/>\n<meta name=\"twitter:image\" content=\"https:\/\/www.novarpps.com.br\/site\/wp-content\/uploads\/2026\/08\/WhatsApp-Image-2026-08-14-at-14.53.40.jpeg\" \/>\n<meta name=\"twitter:label1\" content=\"Est. reading time\">\n\t<meta name=\"twitter:data1\" content=\"2 minutos\">\n<script type=\"application\/ld+json\" class=\"yoast-schema-graph\">{\"@context\":\"https:\/\/schema.org\",\"@graph\":[{\"@type\":\"Organization\",\"@id\":\"https:\/\/www.novarpps.com.br\/site\/#organization\",\"name\":\"Nova - Assessoria e Consultoria em RPPS\",\"url\":\"https:\/\/www.novarpps.com.br\/site\/\",\"sameAs\":[],\"logo\":{\"@type\":\"ImageObject\",\"@id\":\"https:\/\/www.novarpps.com.br\/site\/#logo\",\"inLanguage\":\"pt-BR\",\"url\":\"https:\/\/www.novarpps.com.br\/site\/wp-content\/uploads\/2021\/01\/logotipo-transp.png\",\"width\":342,\"height\":318,\"caption\":\"Nova - Assessoria e Consultoria em RPPS\"},\"image\":{\"@id\":\"https:\/\/www.novarpps.com.br\/site\/#logo\"}},{\"@type\":\"WebSite\",\"@id\":\"https:\/\/www.novarpps.com.br\/site\/#website\",\"url\":\"https:\/\/www.novarpps.com.br\/site\/\",\"name\":\"Nova - Assessoria e Consultoria em RPPS\",\"description\":\"Nova - Assessoria e Consultoria em RPPS\",\"publisher\":{\"@id\":\"https:\/\/www.novarpps.com.br\/site\/#organization\"},\"potentialAction\":[{\"@type\":\"SearchAction\",\"target\":\"https:\/\/www.novarpps.com.br\/site\/?s={search_term_string}\",\"query-input\":\"required name=search_term_string\"}],\"inLanguage\":\"pt-BR\"},{\"@type\":\"ImageObject\",\"@id\":\"https:\/\/www.novarpps.com.br\/site\/vinculo-legal-define-a-responsabilidade-pela-comprev\/#primaryimage\",\"inLanguage\":\"pt-BR\",\"url\":\"https:\/\/www.novarpps.com.br\/site\/wp-content\/uploads\/2026\/08\/WhatsApp-Image-2026-08-14-at-14.53.40.jpeg\",\"width\":1254,\"height\":1254},{\"@type\":\"WebPage\",\"@id\":\"https:\/\/www.novarpps.com.br\/site\/vinculo-legal-define-a-responsabilidade-pela-comprev\/#webpage\",\"url\":\"https:\/\/www.novarpps.com.br\/site\/vinculo-legal-define-a-responsabilidade-pela-comprev\/\",\"name\":\"V\\u00ednculo legal define a responsabilidade pela ComPrev - Nova - Assessoria e Consultoria em RPPS\",\"isPartOf\":{\"@id\":\"https:\/\/www.novarpps.com.br\/site\/#website\"},\"primaryImageOfPage\":{\"@id\":\"https:\/\/www.novarpps.com.br\/site\/vinculo-legal-define-a-responsabilidade-pela-comprev\/#primaryimage\"},\"datePublished\":\"2026-08-14T19:50:47+00:00\",\"dateModified\":\"2026-08-14T19:50:49+00:00\",\"description\":\"O Minist\\u00e9rio da Previd\\u00eancia Social esclareceu um ponto importante para os RPPS: a responsabilidade pela Compensa\\u00e7\\u00e3o Previdenci\\u00e1ria \\u00e9 definida pelo v\\u00ednculo previdenci\\u00e1rio estabelecido em lei, e n\\u00e3o simplesmente pelo local para onde as contribui\\u00e7\\u00f5es foram repassadas.\",\"inLanguage\":\"pt-BR\",\"potentialAction\":[{\"@type\":\"ReadAction\",\"target\":[\"https:\/\/www.novarpps.com.br\/site\/vinculo-legal-define-a-responsabilidade-pela-comprev\/\"]}]},{\"@type\":\"Article\",\"@id\":\"https:\/\/www.novarpps.com.br\/site\/vinculo-legal-define-a-responsabilidade-pela-comprev\/#article\",\"isPartOf\":{\"@id\":\"https:\/\/www.novarpps.com.br\/site\/vinculo-legal-define-a-responsabilidade-pela-comprev\/#webpage\"},\"author\":{\"@id\":\"https:\/\/www.novarpps.com.br\/site\/#\/schema\/person\/0b3b352ef81980c03bf4e43ccf8c7245\"},\"headline\":\"V\\u00ednculo legal define a responsabilidade pela ComPrev\",\"datePublished\":\"2026-08-14T19:50:47+00:00\",\"dateModified\":\"2026-08-14T19:50:49+00:00\",\"mainEntityOfPage\":{\"@id\":\"https:\/\/www.novarpps.com.br\/site\/vinculo-legal-define-a-responsabilidade-pela-comprev\/#webpage\"},\"publisher\":{\"@id\":\"https:\/\/www.novarpps.com.br\/site\/#organization\"},\"image\":{\"@id\":\"https:\/\/www.novarpps.com.br\/site\/vinculo-legal-define-a-responsabilidade-pela-comprev\/#primaryimage\"},\"inLanguage\":\"pt-BR\"},{\"@type\":\"Person\",\"@id\":\"https:\/\/www.novarpps.com.br\/site\/#\/schema\/person\/0b3b352ef81980c03bf4e43ccf8c7245\",\"name\":\"Equipe Nova RPPS\",\"image\":{\"@type\":\"ImageObject\",\"@id\":\"https:\/\/www.novarpps.com.br\/site\/#personlogo\",\"inLanguage\":\"pt-BR\",\"url\":\"https:\/\/secure.gravatar.com\/avatar\/6876f32c3e04956a1b11c58f40ce1f85?s=96&d=mm&r=g\",\"caption\":\"Equipe Nova RPPS\"},\"description\":\"Somos da Nova \\u2013 Assessoria e Consultoria em RPPS e se voc\\u00ea est\\u00e1 buscando informa\\u00e7\\u00f5es ou suporte para a ComPrev (Compensa\\u00e7\\u00e3o Previdenci\\u00e1ria) n\\u00f3s podemos te ajudar!\",\"sameAs\":[\"http:\/\/www.novarpps.com.br\"]}]}<\/script>\n<!-- \/ Yoast SEO plugin. -->","_links":{"self":[{"href":"https:\/\/www.novarpps.com.br\/site\/wp-json\/wp\/v2\/posts\/698"}],"collection":[{"href":"https:\/\/www.novarpps.com.br\/site\/wp-json\/wp\/v2\/posts"}],"about":[{"href":"https:\/\/www.novarpps.com.br\/site\/wp-json\/wp\/v2\/types\/post"}],"author":[{"embeddable":true,"href":"https:\/\/www.novarpps.com.br\/site\/wp-json\/wp\/v2\/users\/1"}],"replies":[{"embeddable":true,"href":"https:\/\/www.novarpps.com.br\/site\/wp-json\/wp\/v2\/comments?post=698"}],"version-history":[{"count":1,"href":"https:\/\/www.novarpps.com.br\/site\/wp-json\/wp\/v2\/posts\/698\/revisions"}],"predecessor-version":[{"id":701,"href":"https:\/\/www.novarpps.com.br\/site\/wp-json\/wp\/v2\/posts\/698\/revisions\/701"}],"wp:featuredmedia":[{"embeddable":true,"href":"https:\/\/www.novarpps.com.br\/site\/wp-json\/wp\/v2\/media\/700"}],"wp:attachment":[{"href":"https:\/\/www.novarpps.com.br\/site\/wp-json\/wp\/v2\/media?parent=698"}],"wp:term":[{"taxonomy":"category","embeddable":true,"href":"https:\/\/www.novarpps.com.br\/site\/wp-json\/wp\/v2\/categories?post=698"},{"taxonomy":"post_tag","embeddable":true,"href":"https:\/\/www.novarpps.com.br\/site\/wp-json\/wp\/v2\/tags?post=698"}],"curies":[{"name":"wp","href":"https:\/\/api.w.org\/{rel}","templated":true}]}}