{"id":693,"date":"2026-07-29T20:40:41","date_gmt":"2026-07-29T23:40:41","guid":{"rendered":"https:\/\/www.novarpps.com.br\/site\/?p=693"},"modified":"2026-07-29T20:40:43","modified_gmt":"2026-07-29T23:40:43","slug":"alteracao-do-orgao-destinatario-da-ctc-nao-impede-a-compensacao-previdenciaria-esclarece-ministerio-da-previdencia","status":"publish","type":"post","link":"https:\/\/www.novarpps.com.br\/site\/alteracao-do-orgao-destinatario-da-ctc-nao-impede-a-compensacao-previdenciaria-esclarece-ministerio-da-previdencia\/","title":{"rendered":"Altera\u00e7\u00e3o do \u00f3rg\u00e3o destinat\u00e1rio da CTC n\u00e3o impede a Compensa\u00e7\u00e3o Previdenci\u00e1ria, esclarece Minist\u00e9rio da Previd\u00eancia"},"content":{"rendered":"\n<p>Uma importante orienta\u00e7\u00e3o publicada pelo Minist\u00e9rio da Previd\u00eancia Social trouxe mais seguran\u00e7a jur\u00eddica para os Regimes Pr\u00f3prios de Previd\u00eancia Social (RPPS) ao esclarecer uma d\u00favida frequente sobre a Certid\u00e3o de Tempo de Contribui\u00e7\u00e3o (CTC): a altera\u00e7\u00e3o do \u00f3rg\u00e3o destinat\u00e1rio invalida a certid\u00e3o?<\/p>\n\n\n\n<p>A resposta \u00e9 n\u00e3o.<\/p>\n\n\n\n<p>Segundo o Departamento dos Regimes Pr\u00f3prios de Previd\u00eancia Social (DRPPS), a validade da CTC permanece preservada mesmo quando houver altera\u00e7\u00e3o da estrutura administrativa do \u00f3rg\u00e3o originalmente indicado, mudan\u00e7a na vincula\u00e7\u00e3o do servidor ou indica\u00e7\u00e3o do pr\u00f3prio ente federativo como destinat\u00e1rio da certid\u00e3o, desde que seja mantida a correta identifica\u00e7\u00e3o do ente federativo e a correspond\u00eancia entre o destinat\u00e1rio informado e o respectivo CNPJ.<\/p>\n\n\n\n<h2>O que motivou esse esclarecimento?<\/h2>\n\n\n\n<p>Com o passar dos anos, \u00e9 comum que secretarias, autarquias e demais \u00f3rg\u00e3os p\u00fablicos sejam extintos, incorporados ou tenham sua estrutura administrativa alterada.<\/p>\n\n\n\n<p>Essas mudan\u00e7as geravam d\u00favidas quanto \u00e0 necessidade de emitir uma nova Certid\u00e3o de Tempo de Contribui\u00e7\u00e3o apenas para atualizar o \u00f3rg\u00e3o destinat\u00e1rio, especialmente nos processos de Compensa\u00e7\u00e3o Previdenci\u00e1ria.<\/p>\n\n\n\n<p>A nova orienta\u00e7\u00e3o esclarece que essas altera\u00e7\u00f5es, por si s\u00f3, n\u00e3o tornam a CTC inv\u00e1lida.<\/p>\n\n\n\n<h2>A Compensa\u00e7\u00e3o Previdenci\u00e1ria ocorre entre os entes federativos<\/h2>\n\n\n\n<p>Outro ponto importante destacado pelo Minist\u00e9rio \u00e9 que a Compensa\u00e7\u00e3o Previdenci\u00e1ria ocorre entre os entes federativos titulares dos regimes previdenci\u00e1rios, e n\u00e3o entre \u00f3rg\u00e3os da administra\u00e7\u00e3o p\u00fablica.<\/p>\n\n\n\n<p>Assim, a indica\u00e7\u00e3o de uma secretaria, funda\u00e7\u00e3o ou autarquia como destinat\u00e1ria da CTC n\u00e3o altera quem possui legitimidade para requerer ou receber a compensa\u00e7\u00e3o financeira no Sistema ComPrev.<\/p>\n\n\n\n<h2>Quando n\u00e3o ser\u00e1 necess\u00e1ria uma nova CTC?<\/h2>\n\n\n\n<p>Caso exista apenas uma diverg\u00eancia quanto ao \u00f3rg\u00e3o destinat\u00e1rio, sem preju\u00edzo \u00e0 correta identifica\u00e7\u00e3o do ente federativo, o problema poder\u00e1 ser resolvido mediante documenta\u00e7\u00e3o funcional complementar.<\/p>\n\n\n\n<p>Nessas situa\u00e7\u00f5es, n\u00e3o ser\u00e1 necess\u00e1ria a emiss\u00e3o de uma nova CTC nem sua revis\u00e3o.<\/p>\n\n\n\n<h2>Em quais casos a revis\u00e3o da CTC continua sendo necess\u00e1ria?<\/h2>\n\n\n\n<p>A retifica\u00e7\u00e3o da certid\u00e3o somente ser\u00e1 exigida quando a inconsist\u00eancia impedir sua utiliza\u00e7\u00e3o para:<\/p>\n\n\n\n<ul><li>averba\u00e7\u00e3o do tempo de contribui\u00e7\u00e3o;<\/li><li>concess\u00e3o do benef\u00edcio previdenci\u00e1rio;<\/li><li>Compensa\u00e7\u00e3o Previdenci\u00e1ria.<\/li><\/ul>\n\n\n\n<p>Ou seja, apenas inconsist\u00eancias que inviabilizem a correta identifica\u00e7\u00e3o do ente destinat\u00e1rio justificam a emiss\u00e3o de uma nova CTC.<\/p>\n\n\n\n<h2>Mais efici\u00eancia e menos burocracia<\/h2>\n\n\n\n<p>O entendimento divulgado pelo Minist\u00e9rio reduz exig\u00eancias desnecess\u00e1rias, evita retrabalho para os RPPS e proporciona maior seguran\u00e7a jur\u00eddica na utiliza\u00e7\u00e3o das Certid\u00f5es de Tempo de Contribui\u00e7\u00e3o.<\/p>\n\n\n\n<p>Al\u00e9m disso, refor\u00e7a que a finalidade da CTC deve prevalecer sobre quest\u00f5es meramente formais, desde que preservadas as informa\u00e7\u00f5es essenciais para a identifica\u00e7\u00e3o do ente federativo.<\/p>\n\n\n\n<p>Fonte: Minist\u00e9rio da Previd\u00eancia Social \u2013 Divis\u00e3o de Orienta\u00e7\u00e3o e Informa\u00e7\u00f5es T\u00e9cnicas (DIOIT\/CGNAL\/DRPPS\/SRPC\/MPS). GESCON S762821\/2026, de 25\/03\/2026.<\/p>\n\n\n\n<div class=\"wp-block-file\"><object class=\"wp-block-file__embed\" data=\"https:\/\/www.novarpps.com.br\/site\/wp-content\/uploads\/2026\/07\/ALTERACAO-DA-ESTRUTURA-ADMINISTRATIVA.pdf\" type=\"application\/pdf\" style=\"width:100%;height:600px\" aria-label=\"Incorporado de ALTERACAO-DA-ESTRUTURA-ADMINISTRATIVA.\"><\/object><a id=\"wp-block-file--media-97e76448-1586-4232-ae6c-9ef8f043f172\" href=\"https:\/\/www.novarpps.com.br\/site\/wp-content\/uploads\/2026\/07\/ALTERACAO-DA-ESTRUTURA-ADMINISTRATIVA.pdf\">ALTERACAO-DA-ESTRUTURA-ADMINISTRATIVA<\/a><a href=\"https:\/\/www.novarpps.com.br\/site\/wp-content\/uploads\/2026\/07\/ALTERACAO-DA-ESTRUTURA-ADMINISTRATIVA.pdf\" class=\"wp-block-file__button\" download aria-describedby=\"wp-block-file--media-97e76448-1586-4232-ae6c-9ef8f043f172\">Baixar<\/a><\/div>\n","protected":false},"excerpt":{"rendered":"<p>Uma importante orienta\u00e7\u00e3o publicada pelo Minist\u00e9rio da Previd\u00eancia Social trouxe mais seguran\u00e7a jur\u00eddica para os Regimes Pr\u00f3prios de Previd\u00eancia Social (RPPS) ao esclarecer uma d\u00favida frequente sobre a Certid\u00e3o de Tempo de Contribui\u00e7\u00e3o (CTC): a altera\u00e7\u00e3o do \u00f3rg\u00e3o destinat\u00e1rio invalida a certid\u00e3o? A resposta \u00e9 n\u00e3o. Segundo o Departamento dos Regimes Pr\u00f3prios de Previd\u00eancia Social&hellip; <br \/> <a class=\"read-more\" href=\"https:\/\/www.novarpps.com.br\/site\/alteracao-do-orgao-destinatario-da-ctc-nao-impede-a-compensacao-previdenciaria-esclarece-ministerio-da-previdencia\/\">Leia mais<\/a><\/p>\n","protected":false},"author":1,"featured_media":695,"comment_status":"closed","ping_status":"open","sticky":false,"template":"","format":"standard","meta":[],"categories":[1],"tags":[],"yoast_head":"<!-- This site is optimized with the Yoast SEO plugin v15.6.2 - https:\/\/yoast.com\/wordpress\/plugins\/seo\/ -->\n<title>Altera\u00e7\u00e3o do \u00f3rg\u00e3o destinat\u00e1rio da CTC n\u00e3o impede a Compensa\u00e7\u00e3o Previdenci\u00e1ria, esclarece Minist\u00e9rio da Previd\u00eancia - Nova - Assessoria e Consultoria em RPPS<\/title>\n<meta name=\"description\" content=\"Segundo o Departamento dos Regimes Pr\u00f3prios de Previd\u00eancia Social (DRPPS), a validade da CTC permanece preservada mesmo quando houver altera\u00e7\u00e3o da estrutura administrativa do \u00f3rg\u00e3o originalmente indicado, mudan\u00e7a na vincula\u00e7\u00e3o do servidor ou indica\u00e7\u00e3o do pr\u00f3prio ente federativo como destinat\u00e1rio da certid\u00e3o, desde que seja mantida a correta identifica\u00e7\u00e3o do ente federativo e a correspond\u00eancia entre o destinat\u00e1rio informado e o respectivo CNPJ.\" \/>\n<meta name=\"robots\" content=\"index, follow, max-snippet:-1, max-image-preview:large, max-video-preview:-1\" \/>\n<link rel=\"canonical\" href=\"https:\/\/www.novarpps.com.br\/site\/alteracao-do-orgao-destinatario-da-ctc-nao-impede-a-compensacao-previdenciaria-esclarece-ministerio-da-previdencia\/\" \/>\n<meta property=\"og:locale\" content=\"pt_BR\" \/>\n<meta property=\"og:type\" content=\"article\" \/>\n<meta property=\"og:title\" content=\"Altera\u00e7\u00e3o do \u00f3rg\u00e3o destinat\u00e1rio da CTC n\u00e3o impede a Compensa\u00e7\u00e3o Previdenci\u00e1ria, esclarece Minist\u00e9rio da Previd\u00eancia\" \/>\n<meta property=\"og:description\" content=\"Segundo o Departamento dos Regimes Pr\u00f3prios de Previd\u00eancia Social (DRPPS), a validade da CTC permanece preservada mesmo quando houver altera\u00e7\u00e3o da estrutura administrativa do \u00f3rg\u00e3o originalmente indicado, mudan\u00e7a na vincula\u00e7\u00e3o do servidor ou indica\u00e7\u00e3o do pr\u00f3prio ente federativo como destinat\u00e1rio da certid\u00e3o, desde que seja mantida a correta identifica\u00e7\u00e3o do ente federativo e a correspond\u00eancia entre o destinat\u00e1rio informado e o respectivo CNPJ.\" \/>\n<meta property=\"og:url\" content=\"https:\/\/www.novarpps.com.br\/site\/alteracao-do-orgao-destinatario-da-ctc-nao-impede-a-compensacao-previdenciaria-esclarece-ministerio-da-previdencia\/\" \/>\n<meta property=\"og:site_name\" content=\"Nova - Assessoria e Consultoria em RPPS\" \/>\n<meta property=\"article:published_time\" content=\"2026-07-29T23:40:41+00:00\" \/>\n<meta property=\"article:modified_time\" content=\"2026-07-29T23:40:43+00:00\" \/>\n<meta property=\"og:image\" content=\"https:\/\/www.novarpps.com.br\/site\/wp-content\/uploads\/2026\/07\/WhatsApp-Image-2026-07-29-at-14.11.32.jpeg\" \/>\n\t<meta property=\"og:image:width\" content=\"1536\" \/>\n\t<meta property=\"og:image:height\" content=\"1024\" \/>\n<meta name=\"twitter:card\" content=\"summary_large_image\" \/>\n<meta name=\"twitter:title\" content=\"Altera\u00e7\u00e3o do \u00f3rg\u00e3o destinat\u00e1rio da CTC n\u00e3o impede a Compensa\u00e7\u00e3o Previdenci\u00e1ria, esclarece Minist\u00e9rio da Previd\u00eancia\" \/>\n<meta name=\"twitter:description\" content=\"Segundo o Departamento dos Regimes Pr\u00f3prios de Previd\u00eancia Social (DRPPS), a validade da CTC permanece preservada mesmo quando houver altera\u00e7\u00e3o da estrutura administrativa do \u00f3rg\u00e3o originalmente indicado, mudan\u00e7a na vincula\u00e7\u00e3o do servidor ou indica\u00e7\u00e3o do pr\u00f3prio ente federativo como destinat\u00e1rio da certid\u00e3o, desde que seja mantida a correta identifica\u00e7\u00e3o do ente federativo e a correspond\u00eancia entre o destinat\u00e1rio informado e o respectivo CNPJ.\" \/>\n<meta name=\"twitter:image\" content=\"https:\/\/www.novarpps.com.br\/site\/wp-content\/uploads\/2026\/07\/WhatsApp-Image-2026-07-29-at-14.11.32.jpeg\" \/>\n<meta name=\"twitter:label1\" content=\"Est. reading time\">\n\t<meta name=\"twitter:data1\" content=\"2 minutos\">\n<script type=\"application\/ld+json\" class=\"yoast-schema-graph\">{\"@context\":\"https:\/\/schema.org\",\"@graph\":[{\"@type\":\"Organization\",\"@id\":\"https:\/\/www.novarpps.com.br\/site\/#organization\",\"name\":\"Nova - Assessoria e Consultoria em RPPS\",\"url\":\"https:\/\/www.novarpps.com.br\/site\/\",\"sameAs\":[],\"logo\":{\"@type\":\"ImageObject\",\"@id\":\"https:\/\/www.novarpps.com.br\/site\/#logo\",\"inLanguage\":\"pt-BR\",\"url\":\"https:\/\/www.novarpps.com.br\/site\/wp-content\/uploads\/2021\/01\/logotipo-transp.png\",\"width\":342,\"height\":318,\"caption\":\"Nova - Assessoria e Consultoria em RPPS\"},\"image\":{\"@id\":\"https:\/\/www.novarpps.com.br\/site\/#logo\"}},{\"@type\":\"WebSite\",\"@id\":\"https:\/\/www.novarpps.com.br\/site\/#website\",\"url\":\"https:\/\/www.novarpps.com.br\/site\/\",\"name\":\"Nova - Assessoria e Consultoria em RPPS\",\"description\":\"Nova - Assessoria e Consultoria em RPPS\",\"publisher\":{\"@id\":\"https:\/\/www.novarpps.com.br\/site\/#organization\"},\"potentialAction\":[{\"@type\":\"SearchAction\",\"target\":\"https:\/\/www.novarpps.com.br\/site\/?s={search_term_string}\",\"query-input\":\"required name=search_term_string\"}],\"inLanguage\":\"pt-BR\"},{\"@type\":\"ImageObject\",\"@id\":\"https:\/\/www.novarpps.com.br\/site\/alteracao-do-orgao-destinatario-da-ctc-nao-impede-a-compensacao-previdenciaria-esclarece-ministerio-da-previdencia\/#primaryimage\",\"inLanguage\":\"pt-BR\",\"url\":\"https:\/\/www.novarpps.com.br\/site\/wp-content\/uploads\/2026\/07\/WhatsApp-Image-2026-07-29-at-14.11.32.jpeg\",\"width\":1536,\"height\":1024},{\"@type\":\"WebPage\",\"@id\":\"https:\/\/www.novarpps.com.br\/site\/alteracao-do-orgao-destinatario-da-ctc-nao-impede-a-compensacao-previdenciaria-esclarece-ministerio-da-previdencia\/#webpage\",\"url\":\"https:\/\/www.novarpps.com.br\/site\/alteracao-do-orgao-destinatario-da-ctc-nao-impede-a-compensacao-previdenciaria-esclarece-ministerio-da-previdencia\/\",\"name\":\"Altera\\u00e7\\u00e3o do \\u00f3rg\\u00e3o destinat\\u00e1rio da CTC n\\u00e3o impede a Compensa\\u00e7\\u00e3o Previdenci\\u00e1ria, esclarece Minist\\u00e9rio da Previd\\u00eancia - Nova - Assessoria e Consultoria em RPPS\",\"isPartOf\":{\"@id\":\"https:\/\/www.novarpps.com.br\/site\/#website\"},\"primaryImageOfPage\":{\"@id\":\"https:\/\/www.novarpps.com.br\/site\/alteracao-do-orgao-destinatario-da-ctc-nao-impede-a-compensacao-previdenciaria-esclarece-ministerio-da-previdencia\/#primaryimage\"},\"datePublished\":\"2026-07-29T23:40:41+00:00\",\"dateModified\":\"2026-07-29T23:40:43+00:00\",\"description\":\"Segundo o Departamento dos Regimes Pr\\u00f3prios de Previd\\u00eancia Social (DRPPS), a validade da CTC permanece preservada mesmo quando houver altera\\u00e7\\u00e3o da estrutura administrativa do \\u00f3rg\\u00e3o originalmente indicado, mudan\\u00e7a na vincula\\u00e7\\u00e3o do servidor ou indica\\u00e7\\u00e3o do pr\\u00f3prio ente federativo como destinat\\u00e1rio da certid\\u00e3o, desde que seja mantida a correta identifica\\u00e7\\u00e3o do ente federativo e a correspond\\u00eancia entre o destinat\\u00e1rio informado e o respectivo CNPJ.\",\"inLanguage\":\"pt-BR\",\"potentialAction\":[{\"@type\":\"ReadAction\",\"target\":[\"https:\/\/www.novarpps.com.br\/site\/alteracao-do-orgao-destinatario-da-ctc-nao-impede-a-compensacao-previdenciaria-esclarece-ministerio-da-previdencia\/\"]}]},{\"@type\":\"Article\",\"@id\":\"https:\/\/www.novarpps.com.br\/site\/alteracao-do-orgao-destinatario-da-ctc-nao-impede-a-compensacao-previdenciaria-esclarece-ministerio-da-previdencia\/#article\",\"isPartOf\":{\"@id\":\"https:\/\/www.novarpps.com.br\/site\/alteracao-do-orgao-destinatario-da-ctc-nao-impede-a-compensacao-previdenciaria-esclarece-ministerio-da-previdencia\/#webpage\"},\"author\":{\"@id\":\"https:\/\/www.novarpps.com.br\/site\/#\/schema\/person\/0b3b352ef81980c03bf4e43ccf8c7245\"},\"headline\":\"Altera\\u00e7\\u00e3o do \\u00f3rg\\u00e3o destinat\\u00e1rio da CTC n\\u00e3o impede a Compensa\\u00e7\\u00e3o Previdenci\\u00e1ria, esclarece Minist\\u00e9rio da Previd\\u00eancia\",\"datePublished\":\"2026-07-29T23:40:41+00:00\",\"dateModified\":\"2026-07-29T23:40:43+00:00\",\"mainEntityOfPage\":{\"@id\":\"https:\/\/www.novarpps.com.br\/site\/alteracao-do-orgao-destinatario-da-ctc-nao-impede-a-compensacao-previdenciaria-esclarece-ministerio-da-previdencia\/#webpage\"},\"publisher\":{\"@id\":\"https:\/\/www.novarpps.com.br\/site\/#organization\"},\"image\":{\"@id\":\"https:\/\/www.novarpps.com.br\/site\/alteracao-do-orgao-destinatario-da-ctc-nao-impede-a-compensacao-previdenciaria-esclarece-ministerio-da-previdencia\/#primaryimage\"},\"inLanguage\":\"pt-BR\"},{\"@type\":\"Person\",\"@id\":\"https:\/\/www.novarpps.com.br\/site\/#\/schema\/person\/0b3b352ef81980c03bf4e43ccf8c7245\",\"name\":\"Equipe Nova RPPS\",\"image\":{\"@type\":\"ImageObject\",\"@id\":\"https:\/\/www.novarpps.com.br\/site\/#personlogo\",\"inLanguage\":\"pt-BR\",\"url\":\"https:\/\/secure.gravatar.com\/avatar\/6876f32c3e04956a1b11c58f40ce1f85?s=96&d=mm&r=g\",\"caption\":\"Equipe Nova RPPS\"},\"description\":\"Somos da Nova \\u2013 Assessoria e Consultoria em RPPS e se voc\\u00ea est\\u00e1 buscando informa\\u00e7\\u00f5es ou suporte para a ComPrev (Compensa\\u00e7\\u00e3o Previdenci\\u00e1ria) n\\u00f3s podemos te ajudar!\",\"sameAs\":[\"http:\/\/www.novarpps.com.br\"]}]}<\/script>\n<!-- \/ Yoast SEO plugin. -->","_links":{"self":[{"href":"https:\/\/www.novarpps.com.br\/site\/wp-json\/wp\/v2\/posts\/693"}],"collection":[{"href":"https:\/\/www.novarpps.com.br\/site\/wp-json\/wp\/v2\/posts"}],"about":[{"href":"https:\/\/www.novarpps.com.br\/site\/wp-json\/wp\/v2\/types\/post"}],"author":[{"embeddable":true,"href":"https:\/\/www.novarpps.com.br\/site\/wp-json\/wp\/v2\/users\/1"}],"replies":[{"embeddable":true,"href":"https:\/\/www.novarpps.com.br\/site\/wp-json\/wp\/v2\/comments?post=693"}],"version-history":[{"count":1,"href":"https:\/\/www.novarpps.com.br\/site\/wp-json\/wp\/v2\/posts\/693\/revisions"}],"predecessor-version":[{"id":696,"href":"https:\/\/www.novarpps.com.br\/site\/wp-json\/wp\/v2\/posts\/693\/revisions\/696"}],"wp:featuredmedia":[{"embeddable":true,"href":"https:\/\/www.novarpps.com.br\/site\/wp-json\/wp\/v2\/media\/695"}],"wp:attachment":[{"href":"https:\/\/www.novarpps.com.br\/site\/wp-json\/wp\/v2\/media?parent=693"}],"wp:term":[{"taxonomy":"category","embeddable":true,"href":"https:\/\/www.novarpps.com.br\/site\/wp-json\/wp\/v2\/categories?post=693"},{"taxonomy":"post_tag","embeddable":true,"href":"https:\/\/www.novarpps.com.br\/site\/wp-json\/wp\/v2\/tags?post=693"}],"curies":[{"name":"wp","href":"https:\/\/api.w.org\/{rel}","templated":true}]}}