{"id":688,"date":"2026-07-24T10:05:30","date_gmt":"2026-07-24T13:05:30","guid":{"rendered":"https:\/\/www.novarpps.com.br\/site\/?p=688"},"modified":"2026-07-24T10:05:32","modified_gmt":"2026-07-24T13:05:32","slug":"segregacao-de-massas-quem-deve-pagar-a-comprev-de-ex-servidores-exonerados-antes-da-segregacao","status":"publish","type":"post","link":"https:\/\/www.novarpps.com.br\/site\/segregacao-de-massas-quem-deve-pagar-a-comprev-de-ex-servidores-exonerados-antes-da-segregacao\/","title":{"rendered":"Segrega\u00e7\u00e3o de Massas: quem deve pagar a ComPrev de ex-servidores exonerados antes da segrega\u00e7\u00e3o?"},"content":{"rendered":"\n<p>Uma importante orienta\u00e7\u00e3o publicada pelo Minist\u00e9rio da Previd\u00eancia Social esclareceu uma d\u00favida frequente entre os Regimes Pr\u00f3prios de Previd\u00eancia Social (RPPS): qual fundo deve suportar a Compensa\u00e7\u00e3o Previdenci\u00e1ria (ComPrev) quando o benef\u00edcio \u00e9 concedido a um ex-servidor que foi exonerado antes da implanta\u00e7\u00e3o da segrega\u00e7\u00e3o de massas?<\/p>\n\n\n\n<p>A resposta adotada pelo Departamento dos Regimes Pr\u00f3prios de Previd\u00eancia Social (DRPPS) foi baseada na l\u00f3gica atuarial da segrega\u00e7\u00e3o de massas e representa um importante par\u00e2metro para os RPPS que enfrentam situa\u00e7\u00e3o semelhante.<\/p>\n\n\n\n<h2>O problema<\/h2>\n\n\n\n<p>Em diversos munic\u00edpios foi implantada a segrega\u00e7\u00e3o de massas, dividindo os segurados entre:<\/p>\n\n\n\n<ul><li>Fundo em Reparti\u00e7\u00e3o (Plano Financeiro);<\/li><li>Fundo em Capitaliza\u00e7\u00e3o (Plano Previdenci\u00e1rio).<\/li><\/ul>\n\n\n\n<p>Entretanto, a legisla\u00e7\u00e3o municipal nem sempre definiu qual fundo seria respons\u00e1vel pela Compensa\u00e7\u00e3o Previdenci\u00e1ria de ex-servidores que deixaram o servi\u00e7o p\u00fablico antes da cria\u00e7\u00e3o dessa segrega\u00e7\u00e3o.<\/p>\n\n\n\n<h2>Qual foi o entendimento do Minist\u00e9rio?<\/h2>\n\n\n\n<p>Segundo o GESCON, quando n\u00e3o houver previs\u00e3o expressa na legisla\u00e7\u00e3o municipal, a Compensa\u00e7\u00e3o Previdenci\u00e1ria referente a ex-servidores exonerados antes da segrega\u00e7\u00e3o deve ser custeada pelo Fundo em Reparti\u00e7\u00e3o.<\/p>\n\n\n\n<p>O entendimento leva em considera\u00e7\u00e3o que esses ex-servidores nunca integraram as massas criadas posteriormente pela lei de segrega\u00e7\u00e3o.<\/p>\n\n\n\n<h2>Por que n\u00e3o utilizar o Fundo em Capitaliza\u00e7\u00e3o?<\/h2>\n\n\n\n<p>O Minist\u00e9rio explica que o Fundo em Capitaliza\u00e7\u00e3o possui finalidade espec\u00edfica: acumular reservas para garantir o pagamento futuro dos benef\u00edcios dos segurados que pertencem \u00e0quela massa.<\/p>\n\n\n\n<p>Utilizar esses recursos para custear obriga\u00e7\u00f5es de ex-servidores que n\u00e3o fazem parte desse grupo comprometeria o equil\u00edbrio atuarial e financeiro do plano previdenci\u00e1rio.<\/p>\n\n\n\n<h2>A l\u00f3gica atuarial deve prevalecer<\/h2>\n\n\n\n<p>Na aus\u00eancia de regra espec\u00edfica na legisla\u00e7\u00e3o local, deve prevalecer a l\u00f3gica financeira da segrega\u00e7\u00e3o de massas.<\/p>\n\n\n\n<p>Por esse motivo, a responsabilidade pelo pagamento da Compensa\u00e7\u00e3o Previdenci\u00e1ria deve recair sobre o Fundo em Reparti\u00e7\u00e3o, cuja finalidade \u00e9 suportar obriga\u00e7\u00f5es previdenci\u00e1rias que n\u00e3o possuem reservas previamente constitu\u00eddas.<\/p>\n\n\n\n<h2>Sistema ComPrev ganhou nova funcionalidade<\/h2>\n\n\n\n<p>A orienta\u00e7\u00e3o tamb\u00e9m destaca que a vers\u00e3o 3.7.0 do Sistema ComPrev passou a permitir a identifica\u00e7\u00e3o da massa segregada (Reparti\u00e7\u00e3o ou Capitaliza\u00e7\u00e3o) tanto do RPPS solicitante quanto do destinat\u00e1rio.<\/p>\n\n\n\n<p>A novidade proporciona maior controle sobre os pagamentos da compensa\u00e7\u00e3o previdenci\u00e1ria, aumenta a transpar\u00eancia dos processos e contribui para a correta aloca\u00e7\u00e3o dos recursos entre os fundos previdenci\u00e1rios.<\/p>\n\n\n\n<h2>O que os gestores devem fazer?<\/h2>\n\n\n\n<p>Os RPPS que possuem segrega\u00e7\u00e3o de massas devem revisar seus procedimentos internos para garantir que a classifica\u00e7\u00e3o dos requerimentos de Compensa\u00e7\u00e3o Previdenci\u00e1ria esteja de acordo com a legisla\u00e7\u00e3o e com a l\u00f3gica atuarial adotada pelo Minist\u00e9rio da Previd\u00eancia.<\/p>\n\n\n\n<p>A correta identifica\u00e7\u00e3o da massa respons\u00e1vel evita inconsist\u00eancias, fortalece o equil\u00edbrio financeiro do regime e reduz riscos de questionamentos futuros.<\/p>\n\n\n\n<hr class=\"wp-block-separator\"\/>\n\n\n\n<p><strong>Fonte:<\/strong> Minist\u00e9rio da Previd\u00eancia Social \u2013 Divis\u00e3o de Orienta\u00e7\u00e3o e Informa\u00e7\u00f5es T\u00e9cnicas (DIOIT\/CGNAL\/DRPPS\/SRPC\/MPS). GESCON L525781\/2024, de 24\/03\/2025.<\/p>\n\n\n\n<div class=\"wp-block-file\"><object class=\"wp-block-file__embed\" data=\"https:\/\/www.novarpps.com.br\/site\/wp-content\/uploads\/2026\/07\/COMPREV-EX-SERVIDORES-ANTES-DA-SEGREGACAO-DE-MASSA.pdf\" type=\"application\/pdf\" style=\"width:100%;height:600px\" aria-label=\"Incorporado de COMPREV-EX-SERVIDORES-ANTES-DA-SEGREGACAO-DE-MASSA.\"><\/object><a id=\"wp-block-file--media-ca5456ce-be5a-4fb2-a1b5-734192cc0a8a\" href=\"https:\/\/www.novarpps.com.br\/site\/wp-content\/uploads\/2026\/07\/COMPREV-EX-SERVIDORES-ANTES-DA-SEGREGACAO-DE-MASSA.pdf\">COMPREV-EX-SERVIDORES-ANTES-DA-SEGREGACAO-DE-MASSA<\/a><a href=\"https:\/\/www.novarpps.com.br\/site\/wp-content\/uploads\/2026\/07\/COMPREV-EX-SERVIDORES-ANTES-DA-SEGREGACAO-DE-MASSA.pdf\" class=\"wp-block-file__button\" download aria-describedby=\"wp-block-file--media-ca5456ce-be5a-4fb2-a1b5-734192cc0a8a\">Baixar<\/a><\/div>\n","protected":false},"excerpt":{"rendered":"<p>Uma importante orienta\u00e7\u00e3o publicada pelo Minist\u00e9rio da Previd\u00eancia Social esclareceu uma d\u00favida frequente entre os Regimes Pr\u00f3prios de Previd\u00eancia Social (RPPS): qual fundo deve suportar a Compensa\u00e7\u00e3o Previdenci\u00e1ria (ComPrev) quando o benef\u00edcio \u00e9 concedido a um ex-servidor que foi exonerado antes da implanta\u00e7\u00e3o da segrega\u00e7\u00e3o de massas? A resposta adotada pelo Departamento dos Regimes Pr\u00f3prios&hellip; <br \/> <a class=\"read-more\" href=\"https:\/\/www.novarpps.com.br\/site\/segregacao-de-massas-quem-deve-pagar-a-comprev-de-ex-servidores-exonerados-antes-da-segregacao\/\">Leia mais<\/a><\/p>\n","protected":false},"author":1,"featured_media":690,"comment_status":"closed","ping_status":"open","sticky":false,"template":"","format":"standard","meta":[],"categories":[1],"tags":[],"yoast_head":"<!-- This site is optimized with the Yoast SEO plugin v15.6.2 - https:\/\/yoast.com\/wordpress\/plugins\/seo\/ -->\n<title>Segrega\u00e7\u00e3o de Massas: quem deve pagar a ComPrev de ex-servidores exonerados antes da segrega\u00e7\u00e3o? - Nova - Assessoria e Consultoria em RPPS<\/title>\n<meta name=\"robots\" content=\"index, follow, max-snippet:-1, max-image-preview:large, max-video-preview:-1\" \/>\n<link rel=\"canonical\" href=\"https:\/\/www.novarpps.com.br\/site\/segregacao-de-massas-quem-deve-pagar-a-comprev-de-ex-servidores-exonerados-antes-da-segregacao\/\" \/>\n<meta property=\"og:locale\" content=\"pt_BR\" \/>\n<meta property=\"og:type\" content=\"article\" \/>\n<meta property=\"og:title\" content=\"Segrega\u00e7\u00e3o de Massas: quem deve pagar a ComPrev de ex-servidores exonerados antes da segrega\u00e7\u00e3o?\" \/>\n<meta property=\"og:description\" content=\"Uma importante orienta\u00e7\u00e3o publicada pelo Minist\u00e9rio da Previd\u00eancia Social esclareceu uma d\u00favida frequente entre os Regimes Pr\u00f3prios de Previd\u00eancia Social (RPPS): qual fundo deve suportar a Compensa\u00e7\u00e3o Previdenci\u00e1ria (ComPrev) quando o benef\u00edcio \u00e9 concedido a um ex-servidor que foi exonerado antes da implanta\u00e7\u00e3o da segrega\u00e7\u00e3o de massas?\" \/>\n<meta property=\"og:url\" content=\"https:\/\/www.novarpps.com.br\/site\/segregacao-de-massas-quem-deve-pagar-a-comprev-de-ex-servidores-exonerados-antes-da-segregacao\/\" \/>\n<meta property=\"og:site_name\" content=\"Nova - Assessoria e Consultoria em RPPS\" \/>\n<meta property=\"article:published_time\" content=\"2026-07-24T13:05:30+00:00\" \/>\n<meta property=\"article:modified_time\" content=\"2026-07-24T13:05:32+00:00\" \/>\n<meta property=\"og:image\" content=\"https:\/\/www.novarpps.com.br\/site\/wp-content\/uploads\/2026\/07\/WhatsApp-Image-2026-07-23-at-16.31.42.jpeg\" \/>\n\t<meta property=\"og:image:width\" content=\"1254\" \/>\n\t<meta property=\"og:image:height\" content=\"1254\" \/>\n<meta name=\"twitter:card\" content=\"summary_large_image\" \/>\n<meta name=\"twitter:title\" content=\"Segrega\u00e7\u00e3o de Massas: quem deve pagar a ComPrev de ex-servidores exonerados antes da segrega\u00e7\u00e3o?\" \/>\n<meta name=\"twitter:description\" content=\"Uma importante orienta\u00e7\u00e3o publicada pelo Minist\u00e9rio da Previd\u00eancia Social esclareceu uma d\u00favida frequente entre os Regimes Pr\u00f3prios de Previd\u00eancia Social (RPPS): qual fundo deve suportar a Compensa\u00e7\u00e3o Previdenci\u00e1ria (ComPrev) quando o benef\u00edcio \u00e9 concedido a um ex-servidor que foi exonerado antes da implanta\u00e7\u00e3o da segrega\u00e7\u00e3o de massas?\" \/>\n<meta name=\"twitter:image\" content=\"https:\/\/www.novarpps.com.br\/site\/wp-content\/uploads\/2026\/07\/WhatsApp-Image-2026-07-23-at-16.31.42.jpeg\" \/>\n<meta name=\"twitter:label1\" content=\"Est. reading time\">\n\t<meta name=\"twitter:data1\" content=\"2 minutos\">\n<script type=\"application\/ld+json\" class=\"yoast-schema-graph\">{\"@context\":\"https:\/\/schema.org\",\"@graph\":[{\"@type\":\"Organization\",\"@id\":\"https:\/\/www.novarpps.com.br\/site\/#organization\",\"name\":\"Nova - Assessoria e Consultoria em RPPS\",\"url\":\"https:\/\/www.novarpps.com.br\/site\/\",\"sameAs\":[],\"logo\":{\"@type\":\"ImageObject\",\"@id\":\"https:\/\/www.novarpps.com.br\/site\/#logo\",\"inLanguage\":\"pt-BR\",\"url\":\"https:\/\/www.novarpps.com.br\/site\/wp-content\/uploads\/2021\/01\/logotipo-transp.png\",\"width\":342,\"height\":318,\"caption\":\"Nova - Assessoria e Consultoria em RPPS\"},\"image\":{\"@id\":\"https:\/\/www.novarpps.com.br\/site\/#logo\"}},{\"@type\":\"WebSite\",\"@id\":\"https:\/\/www.novarpps.com.br\/site\/#website\",\"url\":\"https:\/\/www.novarpps.com.br\/site\/\",\"name\":\"Nova - Assessoria e Consultoria em RPPS\",\"description\":\"Nova - Assessoria e Consultoria em RPPS\",\"publisher\":{\"@id\":\"https:\/\/www.novarpps.com.br\/site\/#organization\"},\"potentialAction\":[{\"@type\":\"SearchAction\",\"target\":\"https:\/\/www.novarpps.com.br\/site\/?s={search_term_string}\",\"query-input\":\"required name=search_term_string\"}],\"inLanguage\":\"pt-BR\"},{\"@type\":\"ImageObject\",\"@id\":\"https:\/\/www.novarpps.com.br\/site\/segregacao-de-massas-quem-deve-pagar-a-comprev-de-ex-servidores-exonerados-antes-da-segregacao\/#primaryimage\",\"inLanguage\":\"pt-BR\",\"url\":\"https:\/\/www.novarpps.com.br\/site\/wp-content\/uploads\/2026\/07\/WhatsApp-Image-2026-07-23-at-16.31.42.jpeg\",\"width\":1254,\"height\":1254},{\"@type\":\"WebPage\",\"@id\":\"https:\/\/www.novarpps.com.br\/site\/segregacao-de-massas-quem-deve-pagar-a-comprev-de-ex-servidores-exonerados-antes-da-segregacao\/#webpage\",\"url\":\"https:\/\/www.novarpps.com.br\/site\/segregacao-de-massas-quem-deve-pagar-a-comprev-de-ex-servidores-exonerados-antes-da-segregacao\/\",\"name\":\"Segrega\\u00e7\\u00e3o de Massas: quem deve pagar a ComPrev de ex-servidores exonerados antes da segrega\\u00e7\\u00e3o? - Nova - Assessoria e Consultoria em RPPS\",\"isPartOf\":{\"@id\":\"https:\/\/www.novarpps.com.br\/site\/#website\"},\"primaryImageOfPage\":{\"@id\":\"https:\/\/www.novarpps.com.br\/site\/segregacao-de-massas-quem-deve-pagar-a-comprev-de-ex-servidores-exonerados-antes-da-segregacao\/#primaryimage\"},\"datePublished\":\"2026-07-24T13:05:30+00:00\",\"dateModified\":\"2026-07-24T13:05:32+00:00\",\"inLanguage\":\"pt-BR\",\"potentialAction\":[{\"@type\":\"ReadAction\",\"target\":[\"https:\/\/www.novarpps.com.br\/site\/segregacao-de-massas-quem-deve-pagar-a-comprev-de-ex-servidores-exonerados-antes-da-segregacao\/\"]}]},{\"@type\":\"Article\",\"@id\":\"https:\/\/www.novarpps.com.br\/site\/segregacao-de-massas-quem-deve-pagar-a-comprev-de-ex-servidores-exonerados-antes-da-segregacao\/#article\",\"isPartOf\":{\"@id\":\"https:\/\/www.novarpps.com.br\/site\/segregacao-de-massas-quem-deve-pagar-a-comprev-de-ex-servidores-exonerados-antes-da-segregacao\/#webpage\"},\"author\":{\"@id\":\"https:\/\/www.novarpps.com.br\/site\/#\/schema\/person\/0b3b352ef81980c03bf4e43ccf8c7245\"},\"headline\":\"Segrega\\u00e7\\u00e3o de Massas: quem deve pagar a ComPrev de ex-servidores exonerados antes da segrega\\u00e7\\u00e3o?\",\"datePublished\":\"2026-07-24T13:05:30+00:00\",\"dateModified\":\"2026-07-24T13:05:32+00:00\",\"mainEntityOfPage\":{\"@id\":\"https:\/\/www.novarpps.com.br\/site\/segregacao-de-massas-quem-deve-pagar-a-comprev-de-ex-servidores-exonerados-antes-da-segregacao\/#webpage\"},\"publisher\":{\"@id\":\"https:\/\/www.novarpps.com.br\/site\/#organization\"},\"image\":{\"@id\":\"https:\/\/www.novarpps.com.br\/site\/segregacao-de-massas-quem-deve-pagar-a-comprev-de-ex-servidores-exonerados-antes-da-segregacao\/#primaryimage\"},\"inLanguage\":\"pt-BR\"},{\"@type\":\"Person\",\"@id\":\"https:\/\/www.novarpps.com.br\/site\/#\/schema\/person\/0b3b352ef81980c03bf4e43ccf8c7245\",\"name\":\"Equipe Nova RPPS\",\"image\":{\"@type\":\"ImageObject\",\"@id\":\"https:\/\/www.novarpps.com.br\/site\/#personlogo\",\"inLanguage\":\"pt-BR\",\"url\":\"https:\/\/secure.gravatar.com\/avatar\/6876f32c3e04956a1b11c58f40ce1f85?s=96&d=mm&r=g\",\"caption\":\"Equipe Nova RPPS\"},\"description\":\"Somos da Nova \\u2013 Assessoria e Consultoria em RPPS e se voc\\u00ea est\\u00e1 buscando informa\\u00e7\\u00f5es ou suporte para a ComPrev (Compensa\\u00e7\\u00e3o Previdenci\\u00e1ria) n\\u00f3s podemos te ajudar!\",\"sameAs\":[\"http:\/\/www.novarpps.com.br\"]}]}<\/script>\n<!-- \/ Yoast SEO plugin. -->","_links":{"self":[{"href":"https:\/\/www.novarpps.com.br\/site\/wp-json\/wp\/v2\/posts\/688"}],"collection":[{"href":"https:\/\/www.novarpps.com.br\/site\/wp-json\/wp\/v2\/posts"}],"about":[{"href":"https:\/\/www.novarpps.com.br\/site\/wp-json\/wp\/v2\/types\/post"}],"author":[{"embeddable":true,"href":"https:\/\/www.novarpps.com.br\/site\/wp-json\/wp\/v2\/users\/1"}],"replies":[{"embeddable":true,"href":"https:\/\/www.novarpps.com.br\/site\/wp-json\/wp\/v2\/comments?post=688"}],"version-history":[{"count":1,"href":"https:\/\/www.novarpps.com.br\/site\/wp-json\/wp\/v2\/posts\/688\/revisions"}],"predecessor-version":[{"id":691,"href":"https:\/\/www.novarpps.com.br\/site\/wp-json\/wp\/v2\/posts\/688\/revisions\/691"}],"wp:featuredmedia":[{"embeddable":true,"href":"https:\/\/www.novarpps.com.br\/site\/wp-json\/wp\/v2\/media\/690"}],"wp:attachment":[{"href":"https:\/\/www.novarpps.com.br\/site\/wp-json\/wp\/v2\/media?parent=688"}],"wp:term":[{"taxonomy":"category","embeddable":true,"href":"https:\/\/www.novarpps.com.br\/site\/wp-json\/wp\/v2\/categories?post=688"},{"taxonomy":"post_tag","embeddable":true,"href":"https:\/\/www.novarpps.com.br\/site\/wp-json\/wp\/v2\/tags?post=688"}],"curies":[{"name":"wp","href":"https:\/\/api.w.org\/{rel}","templated":true}]}}